{"id":1557,"date":"2021-04-30T09:31:25","date_gmt":"2021-04-30T09:31:25","guid":{"rendered":"https:\/\/isen.es\/?p=1557"},"modified":"2021-04-30T09:37:30","modified_gmt":"2021-04-30T09:37:30","slug":"la-llegada-de-estudiantes-de-china-a-isen-aportara-una-riqueza-cultural-enorme","status":"publish","type":"post","link":"https:\/\/isen.es\/en\/la-llegada-de-estudiantes-de-china-a-isen-aportara-una-riqueza-cultural-enorme\/","title":{"rendered":"La llegada de estudiantes de China a ISEN aportar\u00e1 una riqueza cultural enorme"},"content":{"rendered":"<div class=\"vc_row wpb_row vc_row-fluid\"><div class=\"wpb_column vc_column_container vc_col-sm-12\"><div class=\"vc_column-inner\"><div class=\"wpb_wrapper\">\n\t<div class=\"wpb_text_column wpb_content_element\" >\n\t\t<div class=\"wpb_wrapper\">\n\t\t\t<p>El presidente de ISEN, Carlos Andreu, ha firmado convenio de colaboraci\u00f3n con Jos\u00e9 Carlos Soto, con el prop\u00f3sito de promover los programas de grado, m\u00e1steres oficiales y titulaciones propias ofertadas por ISEN en universidades y a estudiantes y profesores de la Rep\u00fablica Popular China. Soto explica los beneficios que aportar\u00e1 la llegada de estudiantes y profesores universitarios chinos a la ciudad.<\/p>\n<p><strong>\u00bfCu\u00e1l es el objetivo del convenio que ustedes han firmado recientemente con ISEN Centro Universitario?<\/strong><\/p>\n<p>El desarrollo de programas de grados y m\u00e1ster para internacionalizar ISEN en China. Nuestro primer objetivo es que el centro se conozca en este pa\u00eds, porque de los 800.000 chinos que sal\u00edan a estudiar al extranjero a Cartagena no ven\u00eda ninguno. Por ello, hace tres a\u00f1os comenc\u00e9 a trabajar en la creaci\u00f3n de un marco de trabajo entre algunos estudiantes de ese pa\u00eds para que la ciudad se conociera y tambi\u00e9n sus universidades.<\/p>\n<p><strong>\u00bfCu\u00e1l va a ser la repercusi\u00f3n que va a tener la llegada a la ciudad de estudiantes de este pa\u00eds?<\/strong><\/p>\n<p>La repercusi\u00f3n va a ser mucha porque de entrada estamos fomentando la internalizaci\u00f3n de los estudiantes y las ciudades a las que viajan. Esto lleva asociado una serie de consecuencias positivas para sectores como el inmobiliario, el de turismo, el ocio, etc. Se trata tambi\u00e9n de dar visibilidad a Cartagena en un pa\u00eds como es China.<\/p>\n<p><strong>\u00bfQu\u00e9 nos puede aportar un estudiante procedente de un pa\u00eds asi\u00e1tico?<\/strong><\/p>\n<p>Una riqueza cultural enorme. La sociedad se puede beneficiar de que estudien y vivan con nosotros estudiantes de otras culturas. China es una de las potencias mayores del mundo y con unos niveles de educaci\u00f3n que se sit\u00faan muy altos en el informe de Pisa.<\/p>\n<p><strong>\u00bfQu\u00e9 se les ofrece a los estudiantes de aquel pa\u00eds?<\/strong><\/p>\n<p>Todas las ense\u00f1anzas que hay en ISEN. Ya hemos tenido contactos iniciales con ellos y est\u00e1n muy interesados en nuestra oferta.<\/p>\n\n\t\t<\/div>\n\t<\/div>\n<\/div><\/div><\/div><\/div><div class=\"vc_row wpb_row vc_row-fluid\"><div class=\"wpb_column vc_column_container vc_col-sm-12\"><div class=\"vc_column-inner\"><div class=\"wpb_wrapper\"><div class=\"wpb_gallery wpb_content_element vc_clearfix\" ><div class=\"wpb_wrapper\"><div class=\"wpb_gallery_slides wpb_flexslider flexslider_fade flexslider\" data-interval=\"0\" data-flex_fx=\"fade\"><ul class=\"slides\"><li><img loading=\"lazy\" decoding=\"async\" width=\"2016\" height=\"1512\" src=\"https:\/\/isen.es\/wp-content\/uploads\/2021\/04\/img_5251.jpg\" class=\"attachment-full\" alt=\"\" srcset=\"https:\/\/isen.es\/wp-content\/uploads\/2021\/04\/img_5251.jpg 2016w, https:\/\/isen.es\/wp-content\/uploads\/2021\/04\/img_5251-300x225.jpg 300w, https:\/\/isen.es\/wp-content\/uploads\/2021\/04\/img_5251-1024x768.jpg 1024w, https:\/\/isen.es\/wp-content\/uploads\/2021\/04\/img_5251-768x576.jpg 768w, https:\/\/isen.es\/wp-content\/uploads\/2021\/04\/img_5251-1536x1152.jpg 1536w\" sizes=\"auto, (max-width: 2016px) 100vw, 2016px\" \/><\/li><li><img loading=\"lazy\" decoding=\"async\" width=\"2016\" height=\"1512\" src=\"https:\/\/isen.es\/wp-content\/uploads\/2021\/04\/img_5262.jpg\" class=\"attachment-full\" alt=\"\" srcset=\"https:\/\/isen.es\/wp-content\/uploads\/2021\/04\/img_5262.jpg 2016w, https:\/\/isen.es\/wp-content\/uploads\/2021\/04\/img_5262-300x225.jpg 300w, https:\/\/isen.es\/wp-content\/uploads\/2021\/04\/img_5262-1024x768.jpg 1024w, https:\/\/isen.es\/wp-content\/uploads\/2021\/04\/img_5262-768x576.jpg 768w, https:\/\/isen.es\/wp-content\/uploads\/2021\/04\/img_5262-1536x1152.jpg 1536w\" sizes=\"auto, (max-width: 2016px) 100vw, 2016px\" \/><\/li><\/ul><\/div><\/div><\/div><\/div><\/div><\/div><\/div>","protected":false},"excerpt":{"rendered":"<p>El presidente de ISEN, Carlos Andreu, ha firmado convenio de colaboraci\u00f3n con Jos\u00e9 Carlos Soto, con el prop\u00f3sito de promover los programas de grado<\/p>","protected":false},"author":3,"featured_media":1564,"comment_status":"open","ping_status":"open","sticky":false,"template":"","format":"standard","meta":{"_acf_changed":false,"inline_featured_image":false,"footnotes":""},"categories":[12],"tags":[23,22],"class_list":["post-1557","post","type-post","status-publish","format-standard","has-post-thumbnail","hentry","category-noticias-blog","tag-23","tag-enero"],"acf":[],"yoast_head":"<!-- This site is optimized with the Yoast SEO plugin v27.5 - https:\/\/yoast.com\/product\/yoast-seo-wordpress\/ -->\n<title>La llegada de estudiantes de China a ISEN aportar\u00e1 una riqueza cultural enorme - ISEN Centro Universitario<\/title>\n<meta name=\"robots\" content=\"index, follow, max-snippet:-1, max-image-preview:large, max-video-preview:-1\" \/>\n<link rel=\"canonical\" href=\"https:\/\/isen.es\/en\/la-llegada-de-estudiantes-de-china-a-isen-aportara-una-riqueza-cultural-enorme\/\" \/>\n<meta property=\"og:locale\" content=\"en_GB\" \/>\n<meta property=\"og:type\" content=\"article\" \/>\n<meta property=\"og:title\" content=\"La llegada de estudiantes de China a ISEN aportar\u00e1 una riqueza cultural enorme - ISEN Centro Universitario\" \/>\n<meta property=\"og:description\" content=\"El presidente de ISEN, Carlos Andreu, ha firmado convenio de colaboraci\u00f3n con Jos\u00e9 Carlos Soto, con el prop\u00f3sito de promover los programas de grado\" \/>\n<meta property=\"og:url\" content=\"https:\/\/isen.es\/en\/la-llegada-de-estudiantes-de-china-a-isen-aportara-una-riqueza-cultural-enorme\/\" \/>\n<meta property=\"og:site_name\" content=\"ISEN Centro Universitario\" \/>\n<meta property=\"article:published_time\" content=\"2021-04-30T09:31:25+00:00\" \/>\n<meta property=\"article:modified_time\" content=\"2021-04-30T09:37:30+00:00\" \/>\n<meta property=\"og:image\" content=\"https:\/\/isen.es\/wp-content\/uploads\/2021\/04\/img_5216.jpg\" \/>\n\t<meta property=\"og:image:width\" content=\"1785\" \/>\n\t<meta property=\"og:image:height\" content=\"1355\" \/>\n\t<meta property=\"og:image:type\" content=\"image\/jpeg\" \/>\n<meta name=\"author\" content=\"Pablo Garc\u00eda\" \/>\n<meta name=\"twitter:card\" content=\"summary_large_image\" \/>\n<meta name=\"twitter:label1\" content=\"Written by\" \/>\n\t<meta name=\"twitter:data1\" content=\"Pablo Garc\u00eda\" \/>\n\t<meta name=\"twitter:label2\" content=\"Estimated reading time\" \/>\n\t<meta name=\"twitter:data2\" content=\"2 minutes\" \/>\n<script type=\"application\/ld+json\" class=\"yoast-schema-graph\">{\"@context\":\"https:\\\/\\\/schema.org\",\"@graph\":[{\"@type\":\"Article\",\"@id\":\"https:\\\/\\\/isen.es\\\/la-llegada-de-estudiantes-de-china-a-isen-aportara-una-riqueza-cultural-enorme\\\/#article\",\"isPartOf\":{\"@id\":\"https:\\\/\\\/isen.es\\\/la-llegada-de-estudiantes-de-china-a-isen-aportara-una-riqueza-cultural-enorme\\\/\"},\"author\":{\"name\":\"Pablo Garc\u00eda\",\"@id\":\"https:\\\/\\\/isen.es\\\/#\\\/schema\\\/person\\\/019b3eef6928febc4d539843a38dad6e\"},\"headline\":\"La llegada de estudiantes de China a ISEN aportar\u00e1 una riqueza cultural enorme\",\"datePublished\":\"2021-04-30T09:31:25+00:00\",\"dateModified\":\"2021-04-30T09:37:30+00:00\",\"mainEntityOfPage\":{\"@id\":\"https:\\\/\\\/isen.es\\\/la-llegada-de-estudiantes-de-china-a-isen-aportara-una-riqueza-cultural-enorme\\\/\"},\"wordCount\":381,\"commentCount\":0,\"publisher\":{\"@id\":\"https:\\\/\\\/isen.es\\\/#organization\"},\"image\":{\"@id\":\"https:\\\/\\\/isen.es\\\/la-llegada-de-estudiantes-de-china-a-isen-aportara-una-riqueza-cultural-enorme\\\/#primaryimage\"},\"thumbnailUrl\":\"https:\\\/\\\/isen.es\\\/wp-content\\\/uploads\\\/2021\\\/04\\\/img_5216.jpg\",\"keywords\":[\"2020\",\"enero\"],\"articleSection\":[\"ISEN NOTICIAS\"],\"inLanguage\":\"en-GB\",\"potentialAction\":[{\"@type\":\"CommentAction\",\"name\":\"Comment\",\"target\":[\"https:\\\/\\\/isen.es\\\/la-llegada-de-estudiantes-de-china-a-isen-aportara-una-riqueza-cultural-enorme\\\/#respond\"]}]},{\"@type\":\"WebPage\",\"@id\":\"https:\\\/\\\/isen.es\\\/la-llegada-de-estudiantes-de-china-a-isen-aportara-una-riqueza-cultural-enorme\\\/\",\"url\":\"https:\\\/\\\/isen.es\\\/la-llegada-de-estudiantes-de-china-a-isen-aportara-una-riqueza-cultural-enorme\\\/\",\"name\":\"La llegada de estudiantes de China a ISEN aportar\u00e1 una riqueza cultural enorme - ISEN Centro Universitario\",\"isPartOf\":{\"@id\":\"https:\\\/\\\/isen.es\\\/#website\"},\"primaryImageOfPage\":{\"@id\":\"https:\\\/\\\/isen.es\\\/la-llegada-de-estudiantes-de-china-a-isen-aportara-una-riqueza-cultural-enorme\\\/#primaryimage\"},\"image\":{\"@id\":\"https:\\\/\\\/isen.es\\\/la-llegada-de-estudiantes-de-china-a-isen-aportara-una-riqueza-cultural-enorme\\\/#primaryimage\"},\"thumbnailUrl\":\"https:\\\/\\\/isen.es\\\/wp-content\\\/uploads\\\/2021\\\/04\\\/img_5216.jpg\",\"datePublished\":\"2021-04-30T09:31:25+00:00\",\"dateModified\":\"2021-04-30T09:37:30+00:00\",\"breadcrumb\":{\"@id\":\"https:\\\/\\\/isen.es\\\/la-llegada-de-estudiantes-de-china-a-isen-aportara-una-riqueza-cultural-enorme\\\/#breadcrumb\"},\"inLanguage\":\"en-GB\",\"potentialAction\":[{\"@type\":\"ReadAction\",\"target\":[\"https:\\\/\\\/isen.es\\\/la-llegada-de-estudiantes-de-china-a-isen-aportara-una-riqueza-cultural-enorme\\\/\"]}]},{\"@type\":\"ImageObject\",\"inLanguage\":\"en-GB\",\"@id\":\"https:\\\/\\\/isen.es\\\/la-llegada-de-estudiantes-de-china-a-isen-aportara-una-riqueza-cultural-enorme\\\/#primaryimage\",\"url\":\"https:\\\/\\\/isen.es\\\/wp-content\\\/uploads\\\/2021\\\/04\\\/img_5216.jpg\",\"contentUrl\":\"https:\\\/\\\/isen.es\\\/wp-content\\\/uploads\\\/2021\\\/04\\\/img_5216.jpg\",\"width\":1785,\"height\":1355},{\"@type\":\"BreadcrumbList\",\"@id\":\"https:\\\/\\\/isen.es\\\/la-llegada-de-estudiantes-de-china-a-isen-aportara-una-riqueza-cultural-enorme\\\/#breadcrumb\",\"itemListElement\":[{\"@type\":\"ListItem\",\"position\":1,\"name\":\"Portada\",\"item\":\"https:\\\/\\\/isen.es\\\/\"},{\"@type\":\"ListItem\",\"position\":2,\"name\":\"La llegada de estudiantes de China a ISEN aportar\u00e1 una riqueza cultural enorme\"}]},{\"@type\":\"WebSite\",\"@id\":\"https:\\\/\\\/isen.es\\\/#website\",\"url\":\"https:\\\/\\\/isen.es\\\/\",\"name\":\"ISEN Centro Universitario\",\"description\":\"Facultad Adscrita a la Universidad de Murcia\",\"publisher\":{\"@id\":\"https:\\\/\\\/isen.es\\\/#organization\"},\"potentialAction\":[{\"@type\":\"SearchAction\",\"target\":{\"@type\":\"EntryPoint\",\"urlTemplate\":\"https:\\\/\\\/isen.es\\\/?s={search_term_string}\"},\"query-input\":{\"@type\":\"PropertyValueSpecification\",\"valueRequired\":true,\"valueName\":\"search_term_string\"}}],\"inLanguage\":\"en-GB\"},{\"@type\":\"Organization\",\"@id\":\"https:\\\/\\\/isen.es\\\/#organization\",\"name\":\"ISEN Centro Universitario\",\"url\":\"https:\\\/\\\/isen.es\\\/\",\"logo\":{\"@type\":\"ImageObject\",\"inLanguage\":\"en-GB\",\"@id\":\"https:\\\/\\\/isen.es\\\/#\\\/schema\\\/logo\\\/image\\\/\",\"url\":\"https:\\\/\\\/isen.es\\\/wp-content\\\/uploads\\\/2021\\\/05\\\/favicon-isen.png\",\"contentUrl\":\"https:\\\/\\\/isen.es\\\/wp-content\\\/uploads\\\/2021\\\/05\\\/favicon-isen.png\",\"width\":512,\"height\":512,\"caption\":\"ISEN Centro Universitario\"},\"image\":{\"@id\":\"https:\\\/\\\/isen.es\\\/#\\\/schema\\\/logo\\\/image\\\/\"}},{\"@type\":\"Person\",\"@id\":\"https:\\\/\\\/isen.es\\\/#\\\/schema\\\/person\\\/019b3eef6928febc4d539843a38dad6e\",\"name\":\"Pablo Garc\u00eda\",\"image\":{\"@type\":\"ImageObject\",\"inLanguage\":\"en-GB\",\"@id\":\"https:\\\/\\\/secure.gravatar.com\\\/avatar\\\/9fcc97a9bd7245cea1bfb631cf5ae5c39018e2b435006e1fd754cb8c227049d6?s=96&d=mm&r=g\",\"url\":\"https:\\\/\\\/secure.gravatar.com\\\/avatar\\\/9fcc97a9bd7245cea1bfb631cf5ae5c39018e2b435006e1fd754cb8c227049d6?s=96&d=mm&r=g\",\"contentUrl\":\"https:\\\/\\\/secure.gravatar.com\\\/avatar\\\/9fcc97a9bd7245cea1bfb631cf5ae5c39018e2b435006e1fd754cb8c227049d6?s=96&d=mm&r=g\",\"caption\":\"Pablo Garc\u00eda\"},\"url\":\"https:\\\/\\\/isen.es\\\/en\\\/author\\\/holasomosfellas-com\\\/\"}]}<\/script>\n<!-- \/ Yoast SEO plugin. -->","yoast_head_json":{"title":"La llegada de estudiantes de China a ISEN aportar\u00e1 una riqueza cultural enorme - ISEN Centro Universitario","robots":{"index":"index","follow":"follow","max-snippet":"max-snippet:-1","max-image-preview":"max-image-preview:large","max-video-preview":"max-video-preview:-1"},"canonical":"https:\/\/isen.es\/en\/la-llegada-de-estudiantes-de-china-a-isen-aportara-una-riqueza-cultural-enorme\/","og_locale":"en_GB","og_type":"article","og_title":"La llegada de estudiantes de China a ISEN aportar\u00e1 una riqueza cultural enorme - ISEN Centro Universitario","og_description":"El presidente de ISEN, Carlos Andreu, ha firmado convenio de colaboraci\u00f3n con Jos\u00e9 Carlos Soto, con el prop\u00f3sito de promover los programas de grado","og_url":"https:\/\/isen.es\/en\/la-llegada-de-estudiantes-de-china-a-isen-aportara-una-riqueza-cultural-enorme\/","og_site_name":"ISEN Centro Universitario","article_published_time":"2021-04-30T09:31:25+00:00","article_modified_time":"2021-04-30T09:37:30+00:00","og_image":[{"width":1785,"height":1355,"url":"https:\/\/isen.es\/wp-content\/uploads\/2021\/04\/img_5216.jpg","type":"image\/jpeg"}],"author":"Pablo Garc\u00eda","twitter_card":"summary_large_image","twitter_misc":{"Written by":"Pablo Garc\u00eda","Estimated reading time":"2 minutes"},"schema":{"@context":"https:\/\/schema.org","@graph":[{"@type":"Article","@id":"https:\/\/isen.es\/la-llegada-de-estudiantes-de-china-a-isen-aportara-una-riqueza-cultural-enorme\/#article","isPartOf":{"@id":"https:\/\/isen.es\/la-llegada-de-estudiantes-de-china-a-isen-aportara-una-riqueza-cultural-enorme\/"},"author":{"name":"Pablo Garc\u00eda","@id":"https:\/\/isen.es\/#\/schema\/person\/019b3eef6928febc4d539843a38dad6e"},"headline":"La llegada de estudiantes de China a ISEN aportar\u00e1 una riqueza cultural enorme","datePublished":"2021-04-30T09:31:25+00:00","dateModified":"2021-04-30T09:37:30+00:00","mainEntityOfPage":{"@id":"https:\/\/isen.es\/la-llegada-de-estudiantes-de-china-a-isen-aportara-una-riqueza-cultural-enorme\/"},"wordCount":381,"commentCount":0,"publisher":{"@id":"https:\/\/isen.es\/#organization"},"image":{"@id":"https:\/\/isen.es\/la-llegada-de-estudiantes-de-china-a-isen-aportara-una-riqueza-cultural-enorme\/#primaryimage"},"thumbnailUrl":"https:\/\/isen.es\/wp-content\/uploads\/2021\/04\/img_5216.jpg","keywords":["2020","enero"],"articleSection":["ISEN NOTICIAS"],"inLanguage":"en-GB","potentialAction":[{"@type":"CommentAction","name":"Comment","target":["https:\/\/isen.es\/la-llegada-de-estudiantes-de-china-a-isen-aportara-una-riqueza-cultural-enorme\/#respond"]}]},{"@type":"WebPage","@id":"https:\/\/isen.es\/la-llegada-de-estudiantes-de-china-a-isen-aportara-una-riqueza-cultural-enorme\/","url":"https:\/\/isen.es\/la-llegada-de-estudiantes-de-china-a-isen-aportara-una-riqueza-cultural-enorme\/","name":"La llegada de estudiantes de China a ISEN aportar\u00e1 una riqueza cultural enorme - ISEN Centro Universitario","isPartOf":{"@id":"https:\/\/isen.es\/#website"},"primaryImageOfPage":{"@id":"https:\/\/isen.es\/la-llegada-de-estudiantes-de-china-a-isen-aportara-una-riqueza-cultural-enorme\/#primaryimage"},"image":{"@id":"https:\/\/isen.es\/la-llegada-de-estudiantes-de-china-a-isen-aportara-una-riqueza-cultural-enorme\/#primaryimage"},"thumbnailUrl":"https:\/\/isen.es\/wp-content\/uploads\/2021\/04\/img_5216.jpg","datePublished":"2021-04-30T09:31:25+00:00","dateModified":"2021-04-30T09:37:30+00:00","breadcrumb":{"@id":"https:\/\/isen.es\/la-llegada-de-estudiantes-de-china-a-isen-aportara-una-riqueza-cultural-enorme\/#breadcrumb"},"inLanguage":"en-GB","potentialAction":[{"@type":"ReadAction","target":["https:\/\/isen.es\/la-llegada-de-estudiantes-de-china-a-isen-aportara-una-riqueza-cultural-enorme\/"]}]},{"@type":"ImageObject","inLanguage":"en-GB","@id":"https:\/\/isen.es\/la-llegada-de-estudiantes-de-china-a-isen-aportara-una-riqueza-cultural-enorme\/#primaryimage","url":"https:\/\/isen.es\/wp-content\/uploads\/2021\/04\/img_5216.jpg","contentUrl":"https:\/\/isen.es\/wp-content\/uploads\/2021\/04\/img_5216.jpg","width":1785,"height":1355},{"@type":"BreadcrumbList","@id":"https:\/\/isen.es\/la-llegada-de-estudiantes-de-china-a-isen-aportara-una-riqueza-cultural-enorme\/#breadcrumb","itemListElement":[{"@type":"ListItem","position":1,"name":"Portada","item":"https:\/\/isen.es\/"},{"@type":"ListItem","position":2,"name":"La llegada de estudiantes de China a ISEN aportar\u00e1 una riqueza cultural enorme"}]},{"@type":"WebSite","@id":"https:\/\/isen.es\/#website","url":"https:\/\/isen.es\/","name":"ISEN Centro Universitario","description":"Facultad Adscrita a la Universidad de Murcia","publisher":{"@id":"https:\/\/isen.es\/#organization"},"potentialAction":[{"@type":"SearchAction","target":{"@type":"EntryPoint","urlTemplate":"https:\/\/isen.es\/?s={search_term_string}"},"query-input":{"@type":"PropertyValueSpecification","valueRequired":true,"valueName":"search_term_string"}}],"inLanguage":"en-GB"},{"@type":"Organization","@id":"https:\/\/isen.es\/#organization","name":"ISEN Centro Universitario","url":"https:\/\/isen.es\/","logo":{"@type":"ImageObject","inLanguage":"en-GB","@id":"https:\/\/isen.es\/#\/schema\/logo\/image\/","url":"https:\/\/isen.es\/wp-content\/uploads\/2021\/05\/favicon-isen.png","contentUrl":"https:\/\/isen.es\/wp-content\/uploads\/2021\/05\/favicon-isen.png","width":512,"height":512,"caption":"ISEN Centro Universitario"},"image":{"@id":"https:\/\/isen.es\/#\/schema\/logo\/image\/"}},{"@type":"Person","@id":"https:\/\/isen.es\/#\/schema\/person\/019b3eef6928febc4d539843a38dad6e","name":"Pablo Garc\u00eda","image":{"@type":"ImageObject","inLanguage":"en-GB","@id":"https:\/\/secure.gravatar.com\/avatar\/9fcc97a9bd7245cea1bfb631cf5ae5c39018e2b435006e1fd754cb8c227049d6?s=96&d=mm&r=g","url":"https:\/\/secure.gravatar.com\/avatar\/9fcc97a9bd7245cea1bfb631cf5ae5c39018e2b435006e1fd754cb8c227049d6?s=96&d=mm&r=g","contentUrl":"https:\/\/secure.gravatar.com\/avatar\/9fcc97a9bd7245cea1bfb631cf5ae5c39018e2b435006e1fd754cb8c227049d6?s=96&d=mm&r=g","caption":"Pablo Garc\u00eda"},"url":"https:\/\/isen.es\/en\/author\/holasomosfellas-com\/"}]}},"_links":{"self":[{"href":"https:\/\/isen.es\/en\/wp-json\/wp\/v2\/posts\/1557","targetHints":{"allow":["GET"]}}],"collection":[{"href":"https:\/\/isen.es\/en\/wp-json\/wp\/v2\/posts"}],"about":[{"href":"https:\/\/isen.es\/en\/wp-json\/wp\/v2\/types\/post"}],"author":[{"embeddable":true,"href":"https:\/\/isen.es\/en\/wp-json\/wp\/v2\/users\/3"}],"replies":[{"embeddable":true,"href":"https:\/\/isen.es\/en\/wp-json\/wp\/v2\/comments?post=1557"}],"version-history":[{"count":6,"href":"https:\/\/isen.es\/en\/wp-json\/wp\/v2\/posts\/1557\/revisions"}],"predecessor-version":[{"id":1574,"href":"https:\/\/isen.es\/en\/wp-json\/wp\/v2\/posts\/1557\/revisions\/1574"}],"wp:featuredmedia":[{"embeddable":true,"href":"https:\/\/isen.es\/en\/wp-json\/wp\/v2\/media\/1564"}],"wp:attachment":[{"href":"https:\/\/isen.es\/en\/wp-json\/wp\/v2\/media?parent=1557"}],"wp:term":[{"taxonomy":"category","embeddable":true,"href":"https:\/\/isen.es\/en\/wp-json\/wp\/v2\/categories?post=1557"},{"taxonomy":"post_tag","embeddable":true,"href":"https:\/\/isen.es\/en\/wp-json\/wp\/v2\/tags?post=1557"}],"curies":[{"name":"wp","href":"https:\/\/api.w.org\/{rel}","templated":true}]}}