{"id":1782,"date":"2021-04-30T14:45:02","date_gmt":"2021-04-30T14:45:02","guid":{"rendered":"https:\/\/isen.es\/?p=1782"},"modified":"2021-04-30T14:45:02","modified_gmt":"2021-04-30T14:45:02","slug":"isen-va-a-poner-en-marcha-un-proyecto-solidario-de-actividad-fisico-deportiva-y-discapacidad","status":"publish","type":"post","link":"https:\/\/isen.es\/en\/isen-va-a-poner-en-marcha-un-proyecto-solidario-de-actividad-fisico-deportiva-y-discapacidad\/","title":{"rendered":"ISEN va a poner en marcha un proyecto solidario de \u201cactividad f\u00edsico-deportiva y discapacidad"},"content":{"rendered":"<div class=\"vc_row wpb_row vc_row-fluid\"><div class=\"wpb_column vc_column_container vc_col-sm-12\"><div class=\"vc_column-inner\"><div class=\"wpb_wrapper\">\n\t<div class=\"wpb_text_column wpb_content_element\" >\n\t\t<div class=\"wpb_wrapper\">\n\t\t\t<p class=\"rtejustify\">Ver\u00f3nica Alav\u00e9s, nueva coordinadora del voluntariado de ISEN Centro Universitario, facultad adscrita a la Universidad de Murcia.<\/p>\n<p class=\"rtejustify\"><strong>\u00bfQu\u00e9 supone para ustedes el reciente reconocimiento a ISEN, centro universitario, por parte del Ayuntamiento de Cartagena con motivo de la acci\u00f3n voluntaria llevada a cabo en la implementaci\u00f3n y desarrollo del dispositivo de emergencia COVID 19?<\/strong><\/p>\n<p class=\"rtejustify\">Desde ISEN agradecemos este reconocimiento y nos llena de satisfacci\u00f3n haber contribuido al bienestar personal y social de uno de los colectivos m\u00e1s vulnerables (personas mayores) durante el periodo de confinamiento pasado. A la misma vez, supone para nuestros protagonistas (alumnado de ISEN) una raz\u00f3n m\u00e1s para seguir d\u00e1ndose a los dem\u00e1s y form\u00e1ndose como ciudadanos solidarios, resilientes y emp\u00e1ticos. Labor que pongo en valor, no solo para nuestros docentes, sino para la sociedad en su conjunto.<\/p>\n<p class=\"rtejustify\"><strong>\u00bfCu\u00e1les son los proyectos que est\u00e1n desarrollando actualmente en ISEN?<\/strong><\/p>\n<p class=\"rtejustify\">En estos momentos, dada la situaci\u00f3n actual, solamente estamos colaborando con la asociaci\u00f3n Maestros Mundi. Concretamente, con dos proyectos: \u201c<a href=\"https:\/\/www.um.es\/web\/adyv\/voluntariado\/proyectos\/proyectos-voluntariado\/infancia-adolescencia-refuerzo-escolar\/-\/asset_publisher\/56IKQ7xnwmDd\/content\/apoyo-socio-educativo-a-infancia-y-familia-en-riesgo-de-exclusion-social-de-los-municipios-de-murcia-cartagena-y-molina-de-segura?redirect=%2Fweb%2Fadyv%2Fvoluntariado%2Fproyectos%2Fproyectos-voluntariado%2Finfancia-adolescencia-refuerzo-escolar&amp;inheritRedirect=true\">Apoyo socio-educativo a infancia y familia en riesgo de exclusi\u00f3n social del municipio de Cartagena<\/a>\u201d y \u201cEducaci\u00f3n y sensibilizaci\u00f3n al desarrollo 2020 (Juntos Sumamos M\u00e1s)\u201d. La participaci\u00f3n de nuestro alumnado en el primero se est\u00e1 desarrollando cumpliendo las medidas sanitarias actuales.<\/p>\n<p class=\"rtejustify\"><strong>\u00bfEs mas necesaria la solidaridad hoy en d\u00eda con la pandemia de Covid-19 que estamos viviendo?<\/strong><\/p>\n<p class=\"rtejustify\">Considero que es muy importante ayudar y ser solidarios justo ahora, pero con cautela, sobre todo, por esos ni\u00f1os que no disponen de los medios y herramientas digitales para seguir su proceso de aprendizaje con normalidad.<\/p>\n<p class=\"rtejustify\"><strong>\u00bfCu\u00e1les son los proyectos que va a poner en marcha?<\/strong><\/p>\n<p class=\"rtejustify\">Aprovecho para anunciar que a partir de enero se abrir\u00e1 la inscripci\u00f3n del proyecto \u201cActividad f\u00edsico-deportiva y discapacidad\u201d, cuyo objetivo principal ser\u00e1 coadyuvar con un Club Deportivo Adaptado de la ciudad de Cartagena para que personas con trastornos del desarrollo intelectual, discapacidad sensorial y motriz puedan mejorar su calidad de vida mediante la pr\u00e1ctica f\u00edsico-deportiva. Por ello, animo a nuestro alumnado a que permanezca atento a la apertura de la inscripci\u00f3n. Seguro que ser\u00e1 una experiencia grata que supondr\u00e1 un aprendizaje \u00fanico en su vida universitaria.<\/p>\n\n\t\t<\/div>\n\t<\/div>\n<\/div><\/div><\/div><\/div>","protected":false},"excerpt":{"rendered":"Ver\u00f3nica Alav\u00e9s, nueva coordinadora del voluntariado de ISEN Centro Universitario, facultad adscrita a la Universidad de Murcia. \u00bfQu\u00e9 supone para ustedes el reciente reconocimiento a [...]","protected":false},"author":3,"featured_media":1783,"comment_status":"open","ping_status":"open","sticky":false,"template":"","format":"standard","meta":{"_acf_changed":false,"inline_featured_image":false,"footnotes":""},"categories":[7],"tags":[19,24,22],"class_list":["post-1782","post","type-post","status-publish","format-standard","has-post-thumbnail","hentry","category-noticias","tag-19","tag-centro-universitario","tag-enero"],"acf":[],"yoast_head":"<!-- This site is optimized with the Yoast SEO plugin v27.4 - https:\/\/yoast.com\/product\/yoast-seo-wordpress\/ -->\n<title>ISEN va a poner en marcha un proyecto solidario de \u201cactividad f\u00edsico-deportiva y discapacidad - ISEN Centro Universitario<\/title>\n<meta name=\"robots\" content=\"index, follow, max-snippet:-1, max-image-preview:large, max-video-preview:-1\" \/>\n<link rel=\"canonical\" href=\"https:\/\/isen.es\/en\/isen-va-a-poner-en-marcha-un-proyecto-solidario-de-actividad-fisico-deportiva-y-discapacidad\/\" \/>\n<meta property=\"og:locale\" content=\"en_GB\" \/>\n<meta property=\"og:type\" content=\"article\" \/>\n<meta property=\"og:title\" content=\"ISEN va a poner en marcha un proyecto solidario de \u201cactividad f\u00edsico-deportiva y discapacidad - ISEN Centro Universitario\" \/>\n<meta property=\"og:url\" content=\"https:\/\/isen.es\/en\/isen-va-a-poner-en-marcha-un-proyecto-solidario-de-actividad-fisico-deportiva-y-discapacidad\/\" \/>\n<meta property=\"og:site_name\" content=\"ISEN Centro Universitario\" \/>\n<meta property=\"article:published_time\" content=\"2021-04-30T14:45:02+00:00\" \/>\n<meta property=\"og:image\" content=\"https:\/\/isen.es\/wp-content\/uploads\/2021\/04\/img_1489-1-002_1.jpg\" \/>\n\t<meta property=\"og:image:width\" content=\"450\" \/>\n\t<meta property=\"og:image:height\" content=\"800\" \/>\n\t<meta property=\"og:image:type\" content=\"image\/jpeg\" \/>\n<meta name=\"author\" content=\"Pablo Garc\u00eda\" \/>\n<meta name=\"twitter:card\" content=\"summary_large_image\" \/>\n<meta name=\"twitter:label1\" content=\"Written by\" \/>\n\t<meta name=\"twitter:data1\" content=\"Pablo Garc\u00eda\" \/>\n\t<meta name=\"twitter:label2\" content=\"Estimated reading time\" \/>\n\t<meta name=\"twitter:data2\" content=\"2 minutes\" \/>\n<script type=\"application\/ld+json\" class=\"yoast-schema-graph\">{\"@context\":\"https:\\\/\\\/schema.org\",\"@graph\":[{\"@type\":\"Article\",\"@id\":\"https:\\\/\\\/isen.es\\\/isen-va-a-poner-en-marcha-un-proyecto-solidario-de-actividad-fisico-deportiva-y-discapacidad\\\/#article\",\"isPartOf\":{\"@id\":\"https:\\\/\\\/isen.es\\\/isen-va-a-poner-en-marcha-un-proyecto-solidario-de-actividad-fisico-deportiva-y-discapacidad\\\/\"},\"author\":{\"name\":\"Pablo Garc\u00eda\",\"@id\":\"https:\\\/\\\/isen.es\\\/#\\\/schema\\\/person\\\/019b3eef6928febc4d539843a38dad6e\"},\"headline\":\"ISEN va a poner en marcha un proyecto solidario de \u201cactividad f\u00edsico-deportiva y discapacidad\",\"datePublished\":\"2021-04-30T14:45:02+00:00\",\"mainEntityOfPage\":{\"@id\":\"https:\\\/\\\/isen.es\\\/isen-va-a-poner-en-marcha-un-proyecto-solidario-de-actividad-fisico-deportiva-y-discapacidad\\\/\"},\"wordCount\":405,\"commentCount\":0,\"publisher\":{\"@id\":\"https:\\\/\\\/isen.es\\\/#organization\"},\"image\":{\"@id\":\"https:\\\/\\\/isen.es\\\/isen-va-a-poner-en-marcha-un-proyecto-solidario-de-actividad-fisico-deportiva-y-discapacidad\\\/#primaryimage\"},\"thumbnailUrl\":\"https:\\\/\\\/isen.es\\\/wp-content\\\/uploads\\\/2021\\\/04\\\/img_1489-1-002_1.jpg\",\"keywords\":[\"2021\",\"centro universitario\",\"enero\"],\"articleSection\":[\"ISEN NOTICIAS\"],\"inLanguage\":\"en-GB\",\"potentialAction\":[{\"@type\":\"CommentAction\",\"name\":\"Comment\",\"target\":[\"https:\\\/\\\/isen.es\\\/isen-va-a-poner-en-marcha-un-proyecto-solidario-de-actividad-fisico-deportiva-y-discapacidad\\\/#respond\"]}]},{\"@type\":\"WebPage\",\"@id\":\"https:\\\/\\\/isen.es\\\/isen-va-a-poner-en-marcha-un-proyecto-solidario-de-actividad-fisico-deportiva-y-discapacidad\\\/\",\"url\":\"https:\\\/\\\/isen.es\\\/isen-va-a-poner-en-marcha-un-proyecto-solidario-de-actividad-fisico-deportiva-y-discapacidad\\\/\",\"name\":\"ISEN va a poner en marcha un proyecto solidario de \u201cactividad f\u00edsico-deportiva y discapacidad - ISEN Centro Universitario\",\"isPartOf\":{\"@id\":\"https:\\\/\\\/isen.es\\\/#website\"},\"primaryImageOfPage\":{\"@id\":\"https:\\\/\\\/isen.es\\\/isen-va-a-poner-en-marcha-un-proyecto-solidario-de-actividad-fisico-deportiva-y-discapacidad\\\/#primaryimage\"},\"image\":{\"@id\":\"https:\\\/\\\/isen.es\\\/isen-va-a-poner-en-marcha-un-proyecto-solidario-de-actividad-fisico-deportiva-y-discapacidad\\\/#primaryimage\"},\"thumbnailUrl\":\"https:\\\/\\\/isen.es\\\/wp-content\\\/uploads\\\/2021\\\/04\\\/img_1489-1-002_1.jpg\",\"datePublished\":\"2021-04-30T14:45:02+00:00\",\"breadcrumb\":{\"@id\":\"https:\\\/\\\/isen.es\\\/isen-va-a-poner-en-marcha-un-proyecto-solidario-de-actividad-fisico-deportiva-y-discapacidad\\\/#breadcrumb\"},\"inLanguage\":\"en-GB\",\"potentialAction\":[{\"@type\":\"ReadAction\",\"target\":[\"https:\\\/\\\/isen.es\\\/isen-va-a-poner-en-marcha-un-proyecto-solidario-de-actividad-fisico-deportiva-y-discapacidad\\\/\"]}]},{\"@type\":\"ImageObject\",\"inLanguage\":\"en-GB\",\"@id\":\"https:\\\/\\\/isen.es\\\/isen-va-a-poner-en-marcha-un-proyecto-solidario-de-actividad-fisico-deportiva-y-discapacidad\\\/#primaryimage\",\"url\":\"https:\\\/\\\/isen.es\\\/wp-content\\\/uploads\\\/2021\\\/04\\\/img_1489-1-002_1.jpg\",\"contentUrl\":\"https:\\\/\\\/isen.es\\\/wp-content\\\/uploads\\\/2021\\\/04\\\/img_1489-1-002_1.jpg\",\"width\":450,\"height\":800},{\"@type\":\"BreadcrumbList\",\"@id\":\"https:\\\/\\\/isen.es\\\/isen-va-a-poner-en-marcha-un-proyecto-solidario-de-actividad-fisico-deportiva-y-discapacidad\\\/#breadcrumb\",\"itemListElement\":[{\"@type\":\"ListItem\",\"position\":1,\"name\":\"Portada\",\"item\":\"https:\\\/\\\/isen.es\\\/\"},{\"@type\":\"ListItem\",\"position\":2,\"name\":\"ISEN va a poner en marcha un proyecto solidario de \u201cactividad f\u00edsico-deportiva y discapacidad\"}]},{\"@type\":\"WebSite\",\"@id\":\"https:\\\/\\\/isen.es\\\/#website\",\"url\":\"https:\\\/\\\/isen.es\\\/\",\"name\":\"ISEN Centro Universitario\",\"description\":\"Facultad Adscrita a la Universidad de Murcia\",\"publisher\":{\"@id\":\"https:\\\/\\\/isen.es\\\/#organization\"},\"potentialAction\":[{\"@type\":\"SearchAction\",\"target\":{\"@type\":\"EntryPoint\",\"urlTemplate\":\"https:\\\/\\\/isen.es\\\/?s={search_term_string}\"},\"query-input\":{\"@type\":\"PropertyValueSpecification\",\"valueRequired\":true,\"valueName\":\"search_term_string\"}}],\"inLanguage\":\"en-GB\"},{\"@type\":\"Organization\",\"@id\":\"https:\\\/\\\/isen.es\\\/#organization\",\"name\":\"ISEN Centro Universitario\",\"url\":\"https:\\\/\\\/isen.es\\\/\",\"logo\":{\"@type\":\"ImageObject\",\"inLanguage\":\"en-GB\",\"@id\":\"https:\\\/\\\/isen.es\\\/#\\\/schema\\\/logo\\\/image\\\/\",\"url\":\"https:\\\/\\\/isen.es\\\/wp-content\\\/uploads\\\/2021\\\/05\\\/favicon-isen.png\",\"contentUrl\":\"https:\\\/\\\/isen.es\\\/wp-content\\\/uploads\\\/2021\\\/05\\\/favicon-isen.png\",\"width\":512,\"height\":512,\"caption\":\"ISEN Centro Universitario\"},\"image\":{\"@id\":\"https:\\\/\\\/isen.es\\\/#\\\/schema\\\/logo\\\/image\\\/\"}},{\"@type\":\"Person\",\"@id\":\"https:\\\/\\\/isen.es\\\/#\\\/schema\\\/person\\\/019b3eef6928febc4d539843a38dad6e\",\"name\":\"Pablo Garc\u00eda\",\"image\":{\"@type\":\"ImageObject\",\"inLanguage\":\"en-GB\",\"@id\":\"https:\\\/\\\/secure.gravatar.com\\\/avatar\\\/9fcc97a9bd7245cea1bfb631cf5ae5c39018e2b435006e1fd754cb8c227049d6?s=96&d=mm&r=g\",\"url\":\"https:\\\/\\\/secure.gravatar.com\\\/avatar\\\/9fcc97a9bd7245cea1bfb631cf5ae5c39018e2b435006e1fd754cb8c227049d6?s=96&d=mm&r=g\",\"contentUrl\":\"https:\\\/\\\/secure.gravatar.com\\\/avatar\\\/9fcc97a9bd7245cea1bfb631cf5ae5c39018e2b435006e1fd754cb8c227049d6?s=96&d=mm&r=g\",\"caption\":\"Pablo Garc\u00eda\"},\"url\":\"https:\\\/\\\/isen.es\\\/en\\\/author\\\/holasomosfellas-com\\\/\"}]}<\/script>\n<!-- \/ Yoast SEO plugin. -->","yoast_head_json":{"title":"ISEN va a poner en marcha un proyecto solidario de \u201cactividad f\u00edsico-deportiva y discapacidad - ISEN Centro Universitario","robots":{"index":"index","follow":"follow","max-snippet":"max-snippet:-1","max-image-preview":"max-image-preview:large","max-video-preview":"max-video-preview:-1"},"canonical":"https:\/\/isen.es\/en\/isen-va-a-poner-en-marcha-un-proyecto-solidario-de-actividad-fisico-deportiva-y-discapacidad\/","og_locale":"en_GB","og_type":"article","og_title":"ISEN va a poner en marcha un proyecto solidario de \u201cactividad f\u00edsico-deportiva y discapacidad - ISEN Centro Universitario","og_url":"https:\/\/isen.es\/en\/isen-va-a-poner-en-marcha-un-proyecto-solidario-de-actividad-fisico-deportiva-y-discapacidad\/","og_site_name":"ISEN Centro Universitario","article_published_time":"2021-04-30T14:45:02+00:00","og_image":[{"width":450,"height":800,"url":"https:\/\/isen.es\/wp-content\/uploads\/2021\/04\/img_1489-1-002_1.jpg","type":"image\/jpeg"}],"author":"Pablo Garc\u00eda","twitter_card":"summary_large_image","twitter_misc":{"Written by":"Pablo Garc\u00eda","Estimated reading time":"2 minutes"},"schema":{"@context":"https:\/\/schema.org","@graph":[{"@type":"Article","@id":"https:\/\/isen.es\/isen-va-a-poner-en-marcha-un-proyecto-solidario-de-actividad-fisico-deportiva-y-discapacidad\/#article","isPartOf":{"@id":"https:\/\/isen.es\/isen-va-a-poner-en-marcha-un-proyecto-solidario-de-actividad-fisico-deportiva-y-discapacidad\/"},"author":{"name":"Pablo Garc\u00eda","@id":"https:\/\/isen.es\/#\/schema\/person\/019b3eef6928febc4d539843a38dad6e"},"headline":"ISEN va a poner en marcha un proyecto solidario de \u201cactividad f\u00edsico-deportiva y discapacidad","datePublished":"2021-04-30T14:45:02+00:00","mainEntityOfPage":{"@id":"https:\/\/isen.es\/isen-va-a-poner-en-marcha-un-proyecto-solidario-de-actividad-fisico-deportiva-y-discapacidad\/"},"wordCount":405,"commentCount":0,"publisher":{"@id":"https:\/\/isen.es\/#organization"},"image":{"@id":"https:\/\/isen.es\/isen-va-a-poner-en-marcha-un-proyecto-solidario-de-actividad-fisico-deportiva-y-discapacidad\/#primaryimage"},"thumbnailUrl":"https:\/\/isen.es\/wp-content\/uploads\/2021\/04\/img_1489-1-002_1.jpg","keywords":["2021","centro universitario","enero"],"articleSection":["ISEN NOTICIAS"],"inLanguage":"en-GB","potentialAction":[{"@type":"CommentAction","name":"Comment","target":["https:\/\/isen.es\/isen-va-a-poner-en-marcha-un-proyecto-solidario-de-actividad-fisico-deportiva-y-discapacidad\/#respond"]}]},{"@type":"WebPage","@id":"https:\/\/isen.es\/isen-va-a-poner-en-marcha-un-proyecto-solidario-de-actividad-fisico-deportiva-y-discapacidad\/","url":"https:\/\/isen.es\/isen-va-a-poner-en-marcha-un-proyecto-solidario-de-actividad-fisico-deportiva-y-discapacidad\/","name":"ISEN va a poner en marcha un proyecto solidario de \u201cactividad f\u00edsico-deportiva y discapacidad - ISEN Centro Universitario","isPartOf":{"@id":"https:\/\/isen.es\/#website"},"primaryImageOfPage":{"@id":"https:\/\/isen.es\/isen-va-a-poner-en-marcha-un-proyecto-solidario-de-actividad-fisico-deportiva-y-discapacidad\/#primaryimage"},"image":{"@id":"https:\/\/isen.es\/isen-va-a-poner-en-marcha-un-proyecto-solidario-de-actividad-fisico-deportiva-y-discapacidad\/#primaryimage"},"thumbnailUrl":"https:\/\/isen.es\/wp-content\/uploads\/2021\/04\/img_1489-1-002_1.jpg","datePublished":"2021-04-30T14:45:02+00:00","breadcrumb":{"@id":"https:\/\/isen.es\/isen-va-a-poner-en-marcha-un-proyecto-solidario-de-actividad-fisico-deportiva-y-discapacidad\/#breadcrumb"},"inLanguage":"en-GB","potentialAction":[{"@type":"ReadAction","target":["https:\/\/isen.es\/isen-va-a-poner-en-marcha-un-proyecto-solidario-de-actividad-fisico-deportiva-y-discapacidad\/"]}]},{"@type":"ImageObject","inLanguage":"en-GB","@id":"https:\/\/isen.es\/isen-va-a-poner-en-marcha-un-proyecto-solidario-de-actividad-fisico-deportiva-y-discapacidad\/#primaryimage","url":"https:\/\/isen.es\/wp-content\/uploads\/2021\/04\/img_1489-1-002_1.jpg","contentUrl":"https:\/\/isen.es\/wp-content\/uploads\/2021\/04\/img_1489-1-002_1.jpg","width":450,"height":800},{"@type":"BreadcrumbList","@id":"https:\/\/isen.es\/isen-va-a-poner-en-marcha-un-proyecto-solidario-de-actividad-fisico-deportiva-y-discapacidad\/#breadcrumb","itemListElement":[{"@type":"ListItem","position":1,"name":"Portada","item":"https:\/\/isen.es\/"},{"@type":"ListItem","position":2,"name":"ISEN va a poner en marcha un proyecto solidario de \u201cactividad f\u00edsico-deportiva y discapacidad"}]},{"@type":"WebSite","@id":"https:\/\/isen.es\/#website","url":"https:\/\/isen.es\/","name":"ISEN Centro Universitario","description":"Facultad Adscrita a la Universidad de Murcia","publisher":{"@id":"https:\/\/isen.es\/#organization"},"potentialAction":[{"@type":"SearchAction","target":{"@type":"EntryPoint","urlTemplate":"https:\/\/isen.es\/?s={search_term_string}"},"query-input":{"@type":"PropertyValueSpecification","valueRequired":true,"valueName":"search_term_string"}}],"inLanguage":"en-GB"},{"@type":"Organization","@id":"https:\/\/isen.es\/#organization","name":"ISEN Centro Universitario","url":"https:\/\/isen.es\/","logo":{"@type":"ImageObject","inLanguage":"en-GB","@id":"https:\/\/isen.es\/#\/schema\/logo\/image\/","url":"https:\/\/isen.es\/wp-content\/uploads\/2021\/05\/favicon-isen.png","contentUrl":"https:\/\/isen.es\/wp-content\/uploads\/2021\/05\/favicon-isen.png","width":512,"height":512,"caption":"ISEN Centro Universitario"},"image":{"@id":"https:\/\/isen.es\/#\/schema\/logo\/image\/"}},{"@type":"Person","@id":"https:\/\/isen.es\/#\/schema\/person\/019b3eef6928febc4d539843a38dad6e","name":"Pablo Garc\u00eda","image":{"@type":"ImageObject","inLanguage":"en-GB","@id":"https:\/\/secure.gravatar.com\/avatar\/9fcc97a9bd7245cea1bfb631cf5ae5c39018e2b435006e1fd754cb8c227049d6?s=96&d=mm&r=g","url":"https:\/\/secure.gravatar.com\/avatar\/9fcc97a9bd7245cea1bfb631cf5ae5c39018e2b435006e1fd754cb8c227049d6?s=96&d=mm&r=g","contentUrl":"https:\/\/secure.gravatar.com\/avatar\/9fcc97a9bd7245cea1bfb631cf5ae5c39018e2b435006e1fd754cb8c227049d6?s=96&d=mm&r=g","caption":"Pablo Garc\u00eda"},"url":"https:\/\/isen.es\/en\/author\/holasomosfellas-com\/"}]}},"_links":{"self":[{"href":"https:\/\/isen.es\/en\/wp-json\/wp\/v2\/posts\/1782","targetHints":{"allow":["GET"]}}],"collection":[{"href":"https:\/\/isen.es\/en\/wp-json\/wp\/v2\/posts"}],"about":[{"href":"https:\/\/isen.es\/en\/wp-json\/wp\/v2\/types\/post"}],"author":[{"embeddable":true,"href":"https:\/\/isen.es\/en\/wp-json\/wp\/v2\/users\/3"}],"replies":[{"embeddable":true,"href":"https:\/\/isen.es\/en\/wp-json\/wp\/v2\/comments?post=1782"}],"version-history":[{"count":1,"href":"https:\/\/isen.es\/en\/wp-json\/wp\/v2\/posts\/1782\/revisions"}],"predecessor-version":[{"id":1784,"href":"https:\/\/isen.es\/en\/wp-json\/wp\/v2\/posts\/1782\/revisions\/1784"}],"wp:featuredmedia":[{"embeddable":true,"href":"https:\/\/isen.es\/en\/wp-json\/wp\/v2\/media\/1783"}],"wp:attachment":[{"href":"https:\/\/isen.es\/en\/wp-json\/wp\/v2\/media?parent=1782"}],"wp:term":[{"taxonomy":"category","embeddable":true,"href":"https:\/\/isen.es\/en\/wp-json\/wp\/v2\/categories?post=1782"},{"taxonomy":"post_tag","embeddable":true,"href":"https:\/\/isen.es\/en\/wp-json\/wp\/v2\/tags?post=1782"}],"curies":[{"name":"wp","href":"https:\/\/api.w.org\/{rel}","templated":true}]}}