{"id":3959,"date":"2022-07-06T14:15:34","date_gmt":"2022-07-06T12:15:34","guid":{"rendered":"https:\/\/isen.es\/?p=3959"},"modified":"2022-07-08T10:05:59","modified_gmt":"2022-07-08T08:05:59","slug":"graduacion-isen-2022","status":"publish","type":"post","link":"https:\/\/isen.es\/en\/graduacion-isen-2022\/","title":{"rendered":"ACTO DE GRADUACI\u00d3N ISEN 2022"},"content":{"rendered":"<div class=\"vc_row wpb_row vc_row-fluid\"><div class=\"wpb_column vc_column_container vc_col-sm-12\"><div class=\"vc_column-inner\"><div class=\"wpb_wrapper\">\n\t<div class=\"wpb_text_column wpb_content_element\" >\n\t\t<div class=\"wpb_wrapper\">\n\t\t\t<p>El pasado jueves 30 de junio celebramos el acto de Graduaci\u00f3n ISEN 2022 en el auditorio El Batel de Cartagena.<\/p>\n<p>Los alumnos de las siguientes promociones recibieron su beca:<\/p>\n<ul>\n<li>IX Promoci\u00f3n del Grado en Educaci\u00f3n Primaria<\/li>\n<li>II Promoci\u00f3n del Grado en Seguridad<\/li>\n<li>VII Promoci\u00f3n del Grado en Educaci\u00f3n Infantil<\/li>\n<\/ul>\n<p>M\u00e1s de 600 personas asistieron al evento en el que conmemoramos los cuatro a\u00f1os de esfuerzo y trabajo por los que han pasado los alumnos de ISEN. Este acto de Graduaci\u00f3n es una meta en sus carreras, que simboliza el comienzo de una nueva etapa.<\/p>\n<p>La emoci\u00f3n de este d\u00eda qued\u00f3 reflejada en los discursos que llevaron a cabo los alumnos representantes de cada Grado, as\u00ed como los padrinos y madrina elegidos por ellos mismos.<\/p>\n<p>La profesora Irma Elizabeth Rojas G\u00f3mez dio el discurso de la IX Promoci\u00f3n del Grado en Educaci\u00f3n Primaria, representado por los alumnos Javier Asensio y Enrique Soler.<\/p>\n<p>La II Promoci\u00f3n del Grado en Seguridad estuvo representada por In\u00e9s Langarita Cebri\u00e1n y el profesor V\u00edctor Aguado Conesa.<\/p>\n<p>finalmente, los alumnos de la VII Promoci\u00f3n del Grado en Educaci\u00f3n Infantil eligieron al profesor Miguel Alem\u00e1n como Padrino y el discurso de los alumnos fue realizado por las alumnas Laura Bernal y Sof\u00eda Pelegr\u00edn.<\/p>\n<hr \/>\n<p>El acto cont\u00f3 con la participaci\u00f3n de profesionales de la Universidad de Murcia y de ISEN Centro Universitario. Concretamente, la mesa presidencial estuvo compuesta por:<\/p>\n<p class=\"x_Default\">&#8211;\u00a0<b>Profesora Dra. D\u00f1a. Mar\u00eda Senena Corbal\u00e1n Garc\u00eda,\u00a0<\/b>Vicerrectora de Investigaci\u00f3n de la Universidad de Murcia.<\/p>\n<p class=\"x_Default\">&#8211;\u00a0<b>Profesor Dr. D. Jos\u00e9 Fulgencio Angosto S\u00e1ez,\u00a0<\/b>Decano de ISEN Centro Universitario, Facultad adscrita a la Universidad de Murcia.<\/p>\n<p class=\"x_Default\">&#8211;\u00a0<b>Profesora Dra. D\u00f1a. Mar\u00eda Bego\u00f1a Alfageme Gonz\u00e1lez<\/b>, Decana de la Facultad de Educaci\u00f3n de la Universidad de Murcia.<\/p>\n<p class=\"x_Default\">&#8211;\u00a0<b>Profesor Dr<\/b>.\u00a0<b>D. Alberto Pintado Alc\u00e1zar,\u00a0<\/b>Vicedecano de los Estudios de Criminolog\u00eda de la Facultad de Derecho de la Universidad de Murcia.<\/p>\n<p class=\"x_Default\">&#8211;\u00a0<b>Sr. D. Luis Cruz Miravet,\u00a0<\/b>Director General de ISEN Centro Universitario, Facultad adscrita a la Universidad de Murcia.<\/p>\n\n\t\t<\/div>\n\t<\/div>\n<\/div><\/div><\/div><\/div><div class=\"vc_row wpb_row vc_row-fluid\"><div class=\"wpb_column vc_column_container vc_col-sm-12\"><div class=\"vc_column-inner\"><div class=\"wpb_wrapper\"><div class=\"wpb_gallery wpb_content_element vc_clearfix\" ><div class=\"wpb_wrapper\"><div class=\"wpb_gallery_slides wpb_flexslider flexslider_fade flexslider\" data-interval=\"3\" data-flex_fx=\"fade\"><ul class=\"slides\"><li><a class=\"\" href=\"https:\/\/isen.es\/wp-content\/uploads\/2022\/07\/REP5788-1024x683.jpg\" data-lightbox=\"lightbox[rel-3959-3541445314]\"><img loading=\"lazy\" decoding=\"async\" width=\"2500\" height=\"1667\" src=\"https:\/\/isen.es\/wp-content\/uploads\/2022\/07\/REP5788.jpg\" class=\"attachment-full\" alt=\"\" srcset=\"https:\/\/isen.es\/wp-content\/uploads\/2022\/07\/REP5788.jpg 2500w, https:\/\/isen.es\/wp-content\/uploads\/2022\/07\/REP5788-300x200.jpg 300w, https:\/\/isen.es\/wp-content\/uploads\/2022\/07\/REP5788-1024x683.jpg 1024w, https:\/\/isen.es\/wp-content\/uploads\/2022\/07\/REP5788-768x512.jpg 768w, https:\/\/isen.es\/wp-content\/uploads\/2022\/07\/REP5788-1536x1024.jpg 1536w, https:\/\/isen.es\/wp-content\/uploads\/2022\/07\/REP5788-2048x1366.jpg 2048w\" sizes=\"auto, (max-width: 2500px) 100vw, 2500px\" \/><\/a><\/li><li><a class=\"\" href=\"https:\/\/isen.es\/wp-content\/uploads\/2022\/07\/REP5473-1024x683.jpg\" data-lightbox=\"lightbox[rel-3959-3541445314]\"><img loading=\"lazy\" decoding=\"async\" width=\"2500\" height=\"1667\" src=\"https:\/\/isen.es\/wp-content\/uploads\/2022\/07\/REP5473.jpg\" class=\"attachment-full\" alt=\"\" srcset=\"https:\/\/isen.es\/wp-content\/uploads\/2022\/07\/REP5473.jpg 2500w, https:\/\/isen.es\/wp-content\/uploads\/2022\/07\/REP5473-300x200.jpg 300w, https:\/\/isen.es\/wp-content\/uploads\/2022\/07\/REP5473-1024x683.jpg 1024w, https:\/\/isen.es\/wp-content\/uploads\/2022\/07\/REP5473-768x512.jpg 768w, https:\/\/isen.es\/wp-content\/uploads\/2022\/07\/REP5473-1536x1024.jpg 1536w, https:\/\/isen.es\/wp-content\/uploads\/2022\/07\/REP5473-2048x1366.jpg 2048w\" sizes=\"auto, (max-width: 2500px) 100vw, 2500px\" \/><\/a><\/li><li><a class=\"\" href=\"https:\/\/isen.es\/wp-content\/uploads\/2022\/07\/REP5403-1024x683.jpg\" data-lightbox=\"lightbox[rel-3959-3541445314]\"><img loading=\"lazy\" decoding=\"async\" width=\"2500\" height=\"1667\" src=\"https:\/\/isen.es\/wp-content\/uploads\/2022\/07\/REP5403.jpg\" class=\"attachment-full\" alt=\"\" srcset=\"https:\/\/isen.es\/wp-content\/uploads\/2022\/07\/REP5403.jpg 2500w, https:\/\/isen.es\/wp-content\/uploads\/2022\/07\/REP5403-300x200.jpg 300w, https:\/\/isen.es\/wp-content\/uploads\/2022\/07\/REP5403-1024x683.jpg 1024w, https:\/\/isen.es\/wp-content\/uploads\/2022\/07\/REP5403-768x512.jpg 768w, https:\/\/isen.es\/wp-content\/uploads\/2022\/07\/REP5403-1536x1024.jpg 1536w, https:\/\/isen.es\/wp-content\/uploads\/2022\/07\/REP5403-2048x1366.jpg 2048w\" sizes=\"auto, (max-width: 2500px) 100vw, 2500px\" \/><\/a><\/li><li><a class=\"\" href=\"https:\/\/isen.es\/wp-content\/uploads\/2022\/07\/descarga-1024x682.jpg\" data-lightbox=\"lightbox[rel-3959-3541445314]\"><img loading=\"lazy\" decoding=\"async\" width=\"1280\" height=\"852\" src=\"https:\/\/isen.es\/wp-content\/uploads\/2022\/07\/descarga.jpg\" class=\"attachment-full\" alt=\"\" srcset=\"https:\/\/isen.es\/wp-content\/uploads\/2022\/07\/descarga.jpg 1280w, https:\/\/isen.es\/wp-content\/uploads\/2022\/07\/descarga-300x200.jpg 300w, https:\/\/isen.es\/wp-content\/uploads\/2022\/07\/descarga-1024x682.jpg 1024w, https:\/\/isen.es\/wp-content\/uploads\/2022\/07\/descarga-768x511.jpg 768w\" sizes=\"auto, (max-width: 1280px) 100vw, 1280px\" \/><\/a><\/li><li><a class=\"\" href=\"https:\/\/isen.es\/wp-content\/uploads\/2022\/07\/REP5872-1024x682.jpg\" data-lightbox=\"lightbox[rel-3959-3541445314]\"><img loading=\"lazy\" decoding=\"async\" width=\"2500\" height=\"1666\" src=\"https:\/\/isen.es\/wp-content\/uploads\/2022\/07\/REP5872.jpg\" class=\"attachment-full\" alt=\"\" srcset=\"https:\/\/isen.es\/wp-content\/uploads\/2022\/07\/REP5872.jpg 2500w, https:\/\/isen.es\/wp-content\/uploads\/2022\/07\/REP5872-300x200.jpg 300w, https:\/\/isen.es\/wp-content\/uploads\/2022\/07\/REP5872-1024x682.jpg 1024w, https:\/\/isen.es\/wp-content\/uploads\/2022\/07\/REP5872-768x512.jpg 768w, https:\/\/isen.es\/wp-content\/uploads\/2022\/07\/REP5872-1536x1024.jpg 1536w, https:\/\/isen.es\/wp-content\/uploads\/2022\/07\/REP5872-2048x1365.jpg 2048w\" sizes=\"auto, (max-width: 2500px) 100vw, 2500px\" \/><\/a><\/li><li><a class=\"\" href=\"https:\/\/isen.es\/wp-content\/uploads\/2022\/07\/REP5939-1024x682.jpg\" data-lightbox=\"lightbox[rel-3959-3541445314]\"><img loading=\"lazy\" decoding=\"async\" width=\"2338\" height=\"1557\" src=\"https:\/\/isen.es\/wp-content\/uploads\/2022\/07\/REP5939.jpg\" class=\"attachment-full\" alt=\"\" srcset=\"https:\/\/isen.es\/wp-content\/uploads\/2022\/07\/REP5939.jpg 2338w, https:\/\/isen.es\/wp-content\/uploads\/2022\/07\/REP5939-300x200.jpg 300w, https:\/\/isen.es\/wp-content\/uploads\/2022\/07\/REP5939-1024x682.jpg 1024w, https:\/\/isen.es\/wp-content\/uploads\/2022\/07\/REP5939-768x511.jpg 768w, https:\/\/isen.es\/wp-content\/uploads\/2022\/07\/REP5939-1536x1023.jpg 1536w, https:\/\/isen.es\/wp-content\/uploads\/2022\/07\/REP5939-2048x1364.jpg 2048w\" sizes=\"auto, (max-width: 2338px) 100vw, 2338px\" \/><\/a><\/li><li><a class=\"\" href=\"https:\/\/isen.es\/wp-content\/uploads\/2022\/07\/REP5969-1024x683.jpg\" data-lightbox=\"lightbox[rel-3959-3541445314]\"><img loading=\"lazy\" decoding=\"async\" width=\"2500\" height=\"1667\" src=\"https:\/\/isen.es\/wp-content\/uploads\/2022\/07\/REP5969.jpg\" class=\"attachment-full\" alt=\"\" srcset=\"https:\/\/isen.es\/wp-content\/uploads\/2022\/07\/REP5969.jpg 2500w, https:\/\/isen.es\/wp-content\/uploads\/2022\/07\/REP5969-300x200.jpg 300w, https:\/\/isen.es\/wp-content\/uploads\/2022\/07\/REP5969-1024x683.jpg 1024w, https:\/\/isen.es\/wp-content\/uploads\/2022\/07\/REP5969-768x512.jpg 768w, https:\/\/isen.es\/wp-content\/uploads\/2022\/07\/REP5969-1536x1024.jpg 1536w, https:\/\/isen.es\/wp-content\/uploads\/2022\/07\/REP5969-2048x1366.jpg 2048w\" sizes=\"auto, (max-width: 2500px) 100vw, 2500px\" \/><\/a><\/li><li><a class=\"\" href=\"https:\/\/isen.es\/wp-content\/uploads\/2022\/07\/Reportaje-Web-Graduacion-Universidad-ISEN-37-1024x683.jpg\" data-lightbox=\"lightbox[rel-3959-3541445314]\"><img loading=\"lazy\" decoding=\"async\" width=\"2560\" height=\"1707\" src=\"https:\/\/isen.es\/wp-content\/uploads\/2022\/07\/Reportaje-Web-Graduacion-Universidad-ISEN-37-scaled.jpg\" class=\"attachment-full\" alt=\"\" srcset=\"https:\/\/isen.es\/wp-content\/uploads\/2022\/07\/Reportaje-Web-Graduacion-Universidad-ISEN-37-scaled.jpg 2560w, https:\/\/isen.es\/wp-content\/uploads\/2022\/07\/Reportaje-Web-Graduacion-Universidad-ISEN-37-300x200.jpg 300w, https:\/\/isen.es\/wp-content\/uploads\/2022\/07\/Reportaje-Web-Graduacion-Universidad-ISEN-37-1024x683.jpg 1024w, https:\/\/isen.es\/wp-content\/uploads\/2022\/07\/Reportaje-Web-Graduacion-Universidad-ISEN-37-768x512.jpg 768w, https:\/\/isen.es\/wp-content\/uploads\/2022\/07\/Reportaje-Web-Graduacion-Universidad-ISEN-37-1536x1024.jpg 1536w, https:\/\/isen.es\/wp-content\/uploads\/2022\/07\/Reportaje-Web-Graduacion-Universidad-ISEN-37-2048x1365.jpg 2048w\" sizes=\"auto, (max-width: 2560px) 100vw, 2560px\" \/><\/a><\/li><li><a class=\"\" href=\"https:\/\/isen.es\/wp-content\/uploads\/2022\/07\/Reportaje-Web-Graduacion-Universidad-ISEN-45-1024x683.jpg\" data-lightbox=\"lightbox[rel-3959-3541445314]\"><img loading=\"lazy\" decoding=\"async\" width=\"2560\" height=\"1707\" src=\"https:\/\/isen.es\/wp-content\/uploads\/2022\/07\/Reportaje-Web-Graduacion-Universidad-ISEN-45-scaled.jpg\" class=\"attachment-full\" alt=\"\" srcset=\"https:\/\/isen.es\/wp-content\/uploads\/2022\/07\/Reportaje-Web-Graduacion-Universidad-ISEN-45-scaled.jpg 2560w, https:\/\/isen.es\/wp-content\/uploads\/2022\/07\/Reportaje-Web-Graduacion-Universidad-ISEN-45-300x200.jpg 300w, https:\/\/isen.es\/wp-content\/uploads\/2022\/07\/Reportaje-Web-Graduacion-Universidad-ISEN-45-1024x683.jpg 1024w, https:\/\/isen.es\/wp-content\/uploads\/2022\/07\/Reportaje-Web-Graduacion-Universidad-ISEN-45-768x512.jpg 768w, https:\/\/isen.es\/wp-content\/uploads\/2022\/07\/Reportaje-Web-Graduacion-Universidad-ISEN-45-1536x1024.jpg 1536w, https:\/\/isen.es\/wp-content\/uploads\/2022\/07\/Reportaje-Web-Graduacion-Universidad-ISEN-45-2048x1365.jpg 2048w\" sizes=\"auto, (max-width: 2560px) 100vw, 2560px\" \/><\/a><\/li><li><a class=\"\" href=\"https:\/\/isen.es\/wp-content\/uploads\/2022\/07\/Reportaje-Web-Graduacion-Universidad-ISEN-46-1024x683.jpg\" data-lightbox=\"lightbox[rel-3959-3541445314]\"><img loading=\"lazy\" decoding=\"async\" width=\"1968\" height=\"1312\" src=\"https:\/\/isen.es\/wp-content\/uploads\/2022\/07\/Reportaje-Web-Graduacion-Universidad-ISEN-46.jpg\" class=\"attachment-full\" alt=\"\" srcset=\"https:\/\/isen.es\/wp-content\/uploads\/2022\/07\/Reportaje-Web-Graduacion-Universidad-ISEN-46.jpg 1968w, https:\/\/isen.es\/wp-content\/uploads\/2022\/07\/Reportaje-Web-Graduacion-Universidad-ISEN-46-300x200.jpg 300w, https:\/\/isen.es\/wp-content\/uploads\/2022\/07\/Reportaje-Web-Graduacion-Universidad-ISEN-46-1024x683.jpg 1024w, https:\/\/isen.es\/wp-content\/uploads\/2022\/07\/Reportaje-Web-Graduacion-Universidad-ISEN-46-768x512.jpg 768w, https:\/\/isen.es\/wp-content\/uploads\/2022\/07\/Reportaje-Web-Graduacion-Universidad-ISEN-46-1536x1024.jpg 1536w\" sizes=\"auto, (max-width: 1968px) 100vw, 1968px\" \/><\/a><\/li><li><a class=\"\" href=\"https:\/\/isen.es\/wp-content\/uploads\/2022\/07\/Reportaje-Web-Graduacion-Universidad-ISEN-48-1024x683.jpg\" data-lightbox=\"lightbox[rel-3959-3541445314]\"><img loading=\"lazy\" decoding=\"async\" width=\"1968\" height=\"1312\" src=\"https:\/\/isen.es\/wp-content\/uploads\/2022\/07\/Reportaje-Web-Graduacion-Universidad-ISEN-48.jpg\" class=\"attachment-full\" alt=\"\" srcset=\"https:\/\/isen.es\/wp-content\/uploads\/2022\/07\/Reportaje-Web-Graduacion-Universidad-ISEN-48.jpg 1968w, https:\/\/isen.es\/wp-content\/uploads\/2022\/07\/Reportaje-Web-Graduacion-Universidad-ISEN-48-300x200.jpg 300w, https:\/\/isen.es\/wp-content\/uploads\/2022\/07\/Reportaje-Web-Graduacion-Universidad-ISEN-48-1024x683.jpg 1024w, https:\/\/isen.es\/wp-content\/uploads\/2022\/07\/Reportaje-Web-Graduacion-Universidad-ISEN-48-768x512.jpg 768w, https:\/\/isen.es\/wp-content\/uploads\/2022\/07\/Reportaje-Web-Graduacion-Universidad-ISEN-48-1536x1024.jpg 1536w\" sizes=\"auto, (max-width: 1968px) 100vw, 1968px\" \/><\/a><\/li><li><a class=\"\" href=\"https:\/\/isen.es\/wp-content\/uploads\/2022\/07\/Reportaje-Web-Graduacion-Universidad-ISEN-57-1024x683.jpg\" data-lightbox=\"lightbox[rel-3959-3541445314]\"><img loading=\"lazy\" decoding=\"async\" width=\"2560\" height=\"1707\" src=\"https:\/\/isen.es\/wp-content\/uploads\/2022\/07\/Reportaje-Web-Graduacion-Universidad-ISEN-57-scaled.jpg\" class=\"attachment-full\" alt=\"\" srcset=\"https:\/\/isen.es\/wp-content\/uploads\/2022\/07\/Reportaje-Web-Graduacion-Universidad-ISEN-57-scaled.jpg 2560w, https:\/\/isen.es\/wp-content\/uploads\/2022\/07\/Reportaje-Web-Graduacion-Universidad-ISEN-57-300x200.jpg 300w, https:\/\/isen.es\/wp-content\/uploads\/2022\/07\/Reportaje-Web-Graduacion-Universidad-ISEN-57-1024x683.jpg 1024w, https:\/\/isen.es\/wp-content\/uploads\/2022\/07\/Reportaje-Web-Graduacion-Universidad-ISEN-57-768x512.jpg 768w, https:\/\/isen.es\/wp-content\/uploads\/2022\/07\/Reportaje-Web-Graduacion-Universidad-ISEN-57-1536x1024.jpg 1536w, https:\/\/isen.es\/wp-content\/uploads\/2022\/07\/Reportaje-Web-Graduacion-Universidad-ISEN-57-2048x1365.jpg 2048w\" sizes=\"auto, (max-width: 2560px) 100vw, 2560px\" \/><\/a><\/li><li><a class=\"\" href=\"https:\/\/isen.es\/wp-content\/uploads\/2022\/07\/Reportaje-Web-Graduacion-Universidad-ISEN-61-1024x683.jpg\" data-lightbox=\"lightbox[rel-3959-3541445314]\"><img loading=\"lazy\" decoding=\"async\" width=\"2560\" height=\"1707\" src=\"https:\/\/isen.es\/wp-content\/uploads\/2022\/07\/Reportaje-Web-Graduacion-Universidad-ISEN-61-scaled.jpg\" class=\"attachment-full\" alt=\"\" srcset=\"https:\/\/isen.es\/wp-content\/uploads\/2022\/07\/Reportaje-Web-Graduacion-Universidad-ISEN-61-scaled.jpg 2560w, https:\/\/isen.es\/wp-content\/uploads\/2022\/07\/Reportaje-Web-Graduacion-Universidad-ISEN-61-300x200.jpg 300w, https:\/\/isen.es\/wp-content\/uploads\/2022\/07\/Reportaje-Web-Graduacion-Universidad-ISEN-61-1024x683.jpg 1024w, https:\/\/isen.es\/wp-content\/uploads\/2022\/07\/Reportaje-Web-Graduacion-Universidad-ISEN-61-768x512.jpg 768w, https:\/\/isen.es\/wp-content\/uploads\/2022\/07\/Reportaje-Web-Graduacion-Universidad-ISEN-61-1536x1024.jpg 1536w, https:\/\/isen.es\/wp-content\/uploads\/2022\/07\/Reportaje-Web-Graduacion-Universidad-ISEN-61-2048x1365.jpg 2048w\" sizes=\"auto, (max-width: 2560px) 100vw, 2560px\" \/><\/a><\/li><li><a class=\"\" href=\"https:\/\/isen.es\/wp-content\/uploads\/2022\/07\/Reportaje-Web-Graduacion-Universidad-ISEN-64-1024x683.jpg\" data-lightbox=\"lightbox[rel-3959-3541445314]\"><img loading=\"lazy\" decoding=\"async\" width=\"1968\" height=\"1312\" src=\"https:\/\/isen.es\/wp-content\/uploads\/2022\/07\/Reportaje-Web-Graduacion-Universidad-ISEN-64.jpg\" class=\"attachment-full\" alt=\"\" srcset=\"https:\/\/isen.es\/wp-content\/uploads\/2022\/07\/Reportaje-Web-Graduacion-Universidad-ISEN-64.jpg 1968w, https:\/\/isen.es\/wp-content\/uploads\/2022\/07\/Reportaje-Web-Graduacion-Universidad-ISEN-64-300x200.jpg 300w, https:\/\/isen.es\/wp-content\/uploads\/2022\/07\/Reportaje-Web-Graduacion-Universidad-ISEN-64-1024x683.jpg 1024w, https:\/\/isen.es\/wp-content\/uploads\/2022\/07\/Reportaje-Web-Graduacion-Universidad-ISEN-64-768x512.jpg 768w, https:\/\/isen.es\/wp-content\/uploads\/2022\/07\/Reportaje-Web-Graduacion-Universidad-ISEN-64-1536x1024.jpg 1536w\" sizes=\"auto, (max-width: 1968px) 100vw, 1968px\" \/><\/a><\/li><li><a class=\"\" href=\"https:\/\/isen.es\/wp-content\/uploads\/2022\/07\/Reportaje-Web-Graduacion-Universidad-ISEN-70-1024x683.jpg\" data-lightbox=\"lightbox[rel-3959-3541445314]\"><img loading=\"lazy\" decoding=\"async\" width=\"2560\" height=\"1707\" src=\"https:\/\/isen.es\/wp-content\/uploads\/2022\/07\/Reportaje-Web-Graduacion-Universidad-ISEN-70-scaled.jpg\" class=\"attachment-full\" alt=\"\" srcset=\"https:\/\/isen.es\/wp-content\/uploads\/2022\/07\/Reportaje-Web-Graduacion-Universidad-ISEN-70-scaled.jpg 2560w, https:\/\/isen.es\/wp-content\/uploads\/2022\/07\/Reportaje-Web-Graduacion-Universidad-ISEN-70-300x200.jpg 300w, https:\/\/isen.es\/wp-content\/uploads\/2022\/07\/Reportaje-Web-Graduacion-Universidad-ISEN-70-1024x683.jpg 1024w, https:\/\/isen.es\/wp-content\/uploads\/2022\/07\/Reportaje-Web-Graduacion-Universidad-ISEN-70-768x512.jpg 768w, https:\/\/isen.es\/wp-content\/uploads\/2022\/07\/Reportaje-Web-Graduacion-Universidad-ISEN-70-1536x1024.jpg 1536w, https:\/\/isen.es\/wp-content\/uploads\/2022\/07\/Reportaje-Web-Graduacion-Universidad-ISEN-70-2048x1365.jpg 2048w\" sizes=\"auto, (max-width: 2560px) 100vw, 2560px\" \/><\/a><\/li><li><a class=\"\" href=\"https:\/\/isen.es\/wp-content\/uploads\/2022\/07\/Reportaje-Web-Graduacion-Universidad-ISEN-78-1024x683.jpg\" data-lightbox=\"lightbox[rel-3959-3541445314]\"><img loading=\"lazy\" decoding=\"async\" width=\"2016\" height=\"1344\" src=\"https:\/\/isen.es\/wp-content\/uploads\/2022\/07\/Reportaje-Web-Graduacion-Universidad-ISEN-78.jpg\" class=\"attachment-full\" alt=\"\" srcset=\"https:\/\/isen.es\/wp-content\/uploads\/2022\/07\/Reportaje-Web-Graduacion-Universidad-ISEN-78.jpg 2016w, https:\/\/isen.es\/wp-content\/uploads\/2022\/07\/Reportaje-Web-Graduacion-Universidad-ISEN-78-300x200.jpg 300w, https:\/\/isen.es\/wp-content\/uploads\/2022\/07\/Reportaje-Web-Graduacion-Universidad-ISEN-78-1024x683.jpg 1024w, https:\/\/isen.es\/wp-content\/uploads\/2022\/07\/Reportaje-Web-Graduacion-Universidad-ISEN-78-768x512.jpg 768w, https:\/\/isen.es\/wp-content\/uploads\/2022\/07\/Reportaje-Web-Graduacion-Universidad-ISEN-78-1536x1024.jpg 1536w\" sizes=\"auto, (max-width: 2016px) 100vw, 2016px\" \/><\/a><\/li><li><a class=\"\" href=\"https:\/\/isen.es\/wp-content\/uploads\/2022\/07\/Reportaje-Web-Graduacion-Universidad-ISEN-84-1024x683.jpg\" data-lightbox=\"lightbox[rel-3959-3541445314]\"><img loading=\"lazy\" decoding=\"async\" width=\"2410\" height=\"1607\" src=\"https:\/\/isen.es\/wp-content\/uploads\/2022\/07\/Reportaje-Web-Graduacion-Universidad-ISEN-84.jpg\" class=\"attachment-full\" alt=\"\" srcset=\"https:\/\/isen.es\/wp-content\/uploads\/2022\/07\/Reportaje-Web-Graduacion-Universidad-ISEN-84.jpg 2410w, https:\/\/isen.es\/wp-content\/uploads\/2022\/07\/Reportaje-Web-Graduacion-Universidad-ISEN-84-300x200.jpg 300w, https:\/\/isen.es\/wp-content\/uploads\/2022\/07\/Reportaje-Web-Graduacion-Universidad-ISEN-84-1024x683.jpg 1024w, https:\/\/isen.es\/wp-content\/uploads\/2022\/07\/Reportaje-Web-Graduacion-Universidad-ISEN-84-768x512.jpg 768w, https:\/\/isen.es\/wp-content\/uploads\/2022\/07\/Reportaje-Web-Graduacion-Universidad-ISEN-84-1536x1024.jpg 1536w, https:\/\/isen.es\/wp-content\/uploads\/2022\/07\/Reportaje-Web-Graduacion-Universidad-ISEN-84-2048x1366.jpg 2048w\" sizes=\"auto, (max-width: 2410px) 100vw, 2410px\" \/><\/a><\/li><li><a class=\"\" href=\"https:\/\/isen.es\/wp-content\/uploads\/2022\/07\/Reportaje-Web-Graduacion-Universidad-ISEN-85-1024x683.jpg\" data-lightbox=\"lightbox[rel-3959-3541445314]\"><img loading=\"lazy\" decoding=\"async\" width=\"2410\" height=\"1607\" src=\"https:\/\/isen.es\/wp-content\/uploads\/2022\/07\/Reportaje-Web-Graduacion-Universidad-ISEN-85.jpg\" class=\"attachment-full\" alt=\"\" srcset=\"https:\/\/isen.es\/wp-content\/uploads\/2022\/07\/Reportaje-Web-Graduacion-Universidad-ISEN-85.jpg 2410w, https:\/\/isen.es\/wp-content\/uploads\/2022\/07\/Reportaje-Web-Graduacion-Universidad-ISEN-85-300x200.jpg 300w, https:\/\/isen.es\/wp-content\/uploads\/2022\/07\/Reportaje-Web-Graduacion-Universidad-ISEN-85-1024x683.jpg 1024w, https:\/\/isen.es\/wp-content\/uploads\/2022\/07\/Reportaje-Web-Graduacion-Universidad-ISEN-85-768x512.jpg 768w, https:\/\/isen.es\/wp-content\/uploads\/2022\/07\/Reportaje-Web-Graduacion-Universidad-ISEN-85-1536x1024.jpg 1536w, https:\/\/isen.es\/wp-content\/uploads\/2022\/07\/Reportaje-Web-Graduacion-Universidad-ISEN-85-2048x1366.jpg 2048w\" sizes=\"auto, (max-width: 2410px) 100vw, 2410px\" \/><\/a><\/li><li><a class=\"\" href=\"https:\/\/isen.es\/wp-content\/uploads\/2022\/07\/Reportaje-Web-Graduacion-Universidad-ISEN-132-1024x683.jpg\" data-lightbox=\"lightbox[rel-3959-3541445314]\"><img loading=\"lazy\" decoding=\"async\" width=\"2199\" height=\"1466\" src=\"https:\/\/isen.es\/wp-content\/uploads\/2022\/07\/Reportaje-Web-Graduacion-Universidad-ISEN-132.jpg\" class=\"attachment-full\" alt=\"\" srcset=\"https:\/\/isen.es\/wp-content\/uploads\/2022\/07\/Reportaje-Web-Graduacion-Universidad-ISEN-132.jpg 2199w, https:\/\/isen.es\/wp-content\/uploads\/2022\/07\/Reportaje-Web-Graduacion-Universidad-ISEN-132-300x200.jpg 300w, https:\/\/isen.es\/wp-content\/uploads\/2022\/07\/Reportaje-Web-Graduacion-Universidad-ISEN-132-1024x683.jpg 1024w, https:\/\/isen.es\/wp-content\/uploads\/2022\/07\/Reportaje-Web-Graduacion-Universidad-ISEN-132-768x512.jpg 768w, https:\/\/isen.es\/wp-content\/uploads\/2022\/07\/Reportaje-Web-Graduacion-Universidad-ISEN-132-1536x1024.jpg 1536w, https:\/\/isen.es\/wp-content\/uploads\/2022\/07\/Reportaje-Web-Graduacion-Universidad-ISEN-132-2048x1365.jpg 2048w\" sizes=\"auto, (max-width: 2199px) 100vw, 2199px\" \/><\/a><\/li><li><a class=\"\" href=\"https:\/\/isen.es\/wp-content\/uploads\/2022\/07\/Reportaje-Web-Graduacion-Universidad-ISEN-138-1024x683.jpg\" data-lightbox=\"lightbox[rel-3959-3541445314]\"><img loading=\"lazy\" decoding=\"async\" width=\"2560\" height=\"1707\" src=\"https:\/\/isen.es\/wp-content\/uploads\/2022\/07\/Reportaje-Web-Graduacion-Universidad-ISEN-138-scaled.jpg\" class=\"attachment-full\" alt=\"\" srcset=\"https:\/\/isen.es\/wp-content\/uploads\/2022\/07\/Reportaje-Web-Graduacion-Universidad-ISEN-138-scaled.jpg 2560w, https:\/\/isen.es\/wp-content\/uploads\/2022\/07\/Reportaje-Web-Graduacion-Universidad-ISEN-138-300x200.jpg 300w, https:\/\/isen.es\/wp-content\/uploads\/2022\/07\/Reportaje-Web-Graduacion-Universidad-ISEN-138-1024x683.jpg 1024w, https:\/\/isen.es\/wp-content\/uploads\/2022\/07\/Reportaje-Web-Graduacion-Universidad-ISEN-138-768x512.jpg 768w, https:\/\/isen.es\/wp-content\/uploads\/2022\/07\/Reportaje-Web-Graduacion-Universidad-ISEN-138-1536x1024.jpg 1536w, https:\/\/isen.es\/wp-content\/uploads\/2022\/07\/Reportaje-Web-Graduacion-Universidad-ISEN-138-2048x1365.jpg 2048w\" sizes=\"auto, (max-width: 2560px) 100vw, 2560px\" \/><\/a><\/li><li><a class=\"\" href=\"https:\/\/isen.es\/wp-content\/uploads\/2022\/07\/Reportaje-Web-Graduacion-Universidad-ISEN-139-1024x683.jpg\" data-lightbox=\"lightbox[rel-3959-3541445314]\"><img loading=\"lazy\" decoding=\"async\" width=\"2560\" height=\"1707\" src=\"https:\/\/isen.es\/wp-content\/uploads\/2022\/07\/Reportaje-Web-Graduacion-Universidad-ISEN-139-scaled.jpg\" class=\"attachment-full\" alt=\"\" srcset=\"https:\/\/isen.es\/wp-content\/uploads\/2022\/07\/Reportaje-Web-Graduacion-Universidad-ISEN-139-scaled.jpg 2560w, https:\/\/isen.es\/wp-content\/uploads\/2022\/07\/Reportaje-Web-Graduacion-Universidad-ISEN-139-300x200.jpg 300w, https:\/\/isen.es\/wp-content\/uploads\/2022\/07\/Reportaje-Web-Graduacion-Universidad-ISEN-139-1024x683.jpg 1024w, https:\/\/isen.es\/wp-content\/uploads\/2022\/07\/Reportaje-Web-Graduacion-Universidad-ISEN-139-768x512.jpg 768w, https:\/\/isen.es\/wp-content\/uploads\/2022\/07\/Reportaje-Web-Graduacion-Universidad-ISEN-139-1536x1024.jpg 1536w, https:\/\/isen.es\/wp-content\/uploads\/2022\/07\/Reportaje-Web-Graduacion-Universidad-ISEN-139-2048x1365.jpg 2048w\" sizes=\"auto, (max-width: 2560px) 100vw, 2560px\" \/><\/a><\/li><\/ul><\/div><\/div><\/div><\/div><\/div><\/div><\/div>","protected":false},"excerpt":{"rendered":"El pasado jueves 30 de junio celebramos el acto de Graduaci\u00f3n ISEN 2022 en el auditorio El Batel de Cartagena. Los alumnos de las siguientes [...]","protected":false},"author":11,"featured_media":3964,"comment_status":"open","ping_status":"open","sticky":false,"template":"","format":"standard","meta":{"_acf_changed":false,"inline_featured_image":false,"footnotes":""},"categories":[7],"tags":[124],"class_list":["post-3959","post","type-post","status-publish","format-standard","has-post-thumbnail","hentry","category-noticias","tag-graduacion2022"],"acf":[],"yoast_head":"<!-- This site is optimized with the Yoast SEO plugin v27.5 - https:\/\/yoast.com\/product\/yoast-seo-wordpress\/ -->\n<title>Acto de Graduaci\u00f3n ISEN 2022<\/title>\n<meta name=\"description\" content=\"El acto de Graduaci\u00f3n ISEN 2022 tuvo lugar el pasado jueves, en el que se realiz\u00f3 la imposici\u00f3n de becas a promociones de tres Grados.\" \/>\n<meta name=\"robots\" content=\"index, follow, max-snippet:-1, max-image-preview:large, max-video-preview:-1\" \/>\n<link rel=\"canonical\" href=\"https:\/\/isen.es\/en\/graduacion-isen-2022\/\" \/>\n<meta property=\"og:locale\" content=\"en_GB\" \/>\n<meta property=\"og:type\" content=\"article\" \/>\n<meta property=\"og:title\" content=\"Carpinter\u00eda de ribera: oficio, patrimonio e identidad mar\u00edtima\" \/>\n<meta property=\"og:description\" content=\"El acto de Graduaci\u00f3n ISEN 2022 tuvo lugar el pasado jueves, en el que se realiz\u00f3 la imposici\u00f3n de becas a promociones de tres Grados.\" \/>\n<meta property=\"og:url\" content=\"https:\/\/isen.es\/en\/graduacion-isen-2022\/\" \/>\n<meta property=\"og:site_name\" content=\"ISEN Centro Universitario\" \/>\n<meta property=\"article:published_time\" content=\"2022-07-06T12:15:34+00:00\" \/>\n<meta property=\"article:modified_time\" content=\"2022-07-08T08:05:59+00:00\" \/>\n<meta property=\"og:image\" content=\"https:\/\/isen.es\/wp-content\/uploads\/2022\/06\/WhatsApp-Image-2022-06-03-at-1.08.55-PM.jpeg\" \/>\n\t<meta property=\"og:image:width\" content=\"1024\" \/>\n\t<meta property=\"og:image:height\" content=\"768\" \/>\n\t<meta property=\"og:image:type\" content=\"image\/jpeg\" \/>\n<meta name=\"author\" content=\"acorchs@isen.es\" \/>\n<meta name=\"twitter:card\" content=\"summary_large_image\" \/>\n<meta name=\"twitter:title\" content=\"Carpinter\u00eda de ribera: oficio, patrimonio e identidad mar\u00edtima\" \/>\n<meta name=\"twitter:image\" content=\"https:\/\/isen.es\/wp-content\/uploads\/2022\/06\/WhatsApp-Image-2022-06-03-at-1.08.55-PM.jpeg\" \/>\n<meta name=\"twitter:label1\" content=\"Written by\" \/>\n\t<meta name=\"twitter:data1\" content=\"acorchs@isen.es\" \/>\n\t<meta name=\"twitter:label2\" content=\"Estimated reading time\" \/>\n\t<meta name=\"twitter:data2\" content=\"2 minutes\" \/>\n<script type=\"application\/ld+json\" class=\"yoast-schema-graph\">{\"@context\":\"https:\\\/\\\/schema.org\",\"@graph\":[{\"@type\":\"Article\",\"@id\":\"https:\\\/\\\/isen.es\\\/graduacion-isen-2022\\\/#article\",\"isPartOf\":{\"@id\":\"https:\\\/\\\/isen.es\\\/graduacion-isen-2022\\\/\"},\"author\":{\"name\":\"acorchs@isen.es\",\"@id\":\"https:\\\/\\\/isen.es\\\/#\\\/schema\\\/person\\\/d26514dee8a62be1f8d61814731146ba\"},\"headline\":\"ACTO DE GRADUACI\u00d3N ISEN 2022\",\"datePublished\":\"2022-07-06T12:15:34+00:00\",\"dateModified\":\"2022-07-08T08:05:59+00:00\",\"mainEntityOfPage\":{\"@id\":\"https:\\\/\\\/isen.es\\\/graduacion-isen-2022\\\/\"},\"wordCount\":395,\"commentCount\":0,\"publisher\":{\"@id\":\"https:\\\/\\\/isen.es\\\/#organization\"},\"image\":{\"@id\":\"https:\\\/\\\/isen.es\\\/graduacion-isen-2022\\\/#primaryimage\"},\"thumbnailUrl\":\"https:\\\/\\\/isen.es\\\/wp-content\\\/uploads\\\/2022\\\/07\\\/REP5788.jpg\",\"keywords\":[\"Graduaci\u00f3n2022\"],\"articleSection\":[\"ISEN NOTICIAS\"],\"inLanguage\":\"en-GB\",\"potentialAction\":[{\"@type\":\"CommentAction\",\"name\":\"Comment\",\"target\":[\"https:\\\/\\\/isen.es\\\/graduacion-isen-2022\\\/#respond\"]}]},{\"@type\":\"WebPage\",\"@id\":\"https:\\\/\\\/isen.es\\\/graduacion-isen-2022\\\/\",\"url\":\"https:\\\/\\\/isen.es\\\/graduacion-isen-2022\\\/\",\"name\":\"Acto de Graduaci\u00f3n ISEN 2022\",\"isPartOf\":{\"@id\":\"https:\\\/\\\/isen.es\\\/#website\"},\"primaryImageOfPage\":{\"@id\":\"https:\\\/\\\/isen.es\\\/graduacion-isen-2022\\\/#primaryimage\"},\"image\":{\"@id\":\"https:\\\/\\\/isen.es\\\/graduacion-isen-2022\\\/#primaryimage\"},\"thumbnailUrl\":\"https:\\\/\\\/isen.es\\\/wp-content\\\/uploads\\\/2022\\\/07\\\/REP5788.jpg\",\"datePublished\":\"2022-07-06T12:15:34+00:00\",\"dateModified\":\"2022-07-08T08:05:59+00:00\",\"description\":\"El acto de Graduaci\u00f3n ISEN 2022 tuvo lugar el pasado jueves, en el que se realiz\u00f3 la imposici\u00f3n de becas a promociones de tres Grados.\",\"breadcrumb\":{\"@id\":\"https:\\\/\\\/isen.es\\\/graduacion-isen-2022\\\/#breadcrumb\"},\"inLanguage\":\"en-GB\",\"potentialAction\":[{\"@type\":\"ReadAction\",\"target\":[\"https:\\\/\\\/isen.es\\\/graduacion-isen-2022\\\/\"]}]},{\"@type\":\"ImageObject\",\"inLanguage\":\"en-GB\",\"@id\":\"https:\\\/\\\/isen.es\\\/graduacion-isen-2022\\\/#primaryimage\",\"url\":\"https:\\\/\\\/isen.es\\\/wp-content\\\/uploads\\\/2022\\\/07\\\/REP5788.jpg\",\"contentUrl\":\"https:\\\/\\\/isen.es\\\/wp-content\\\/uploads\\\/2022\\\/07\\\/REP5788.jpg\",\"width\":2500,\"height\":1667},{\"@type\":\"BreadcrumbList\",\"@id\":\"https:\\\/\\\/isen.es\\\/graduacion-isen-2022\\\/#breadcrumb\",\"itemListElement\":[{\"@type\":\"ListItem\",\"position\":1,\"name\":\"Portada\",\"item\":\"https:\\\/\\\/isen.es\\\/\"},{\"@type\":\"ListItem\",\"position\":2,\"name\":\"ACTO DE GRADUACI\u00d3N ISEN 2022\"}]},{\"@type\":\"WebSite\",\"@id\":\"https:\\\/\\\/isen.es\\\/#website\",\"url\":\"https:\\\/\\\/isen.es\\\/\",\"name\":\"ISEN Centro Universitario\",\"description\":\"Facultad Adscrita a la Universidad de Murcia\",\"publisher\":{\"@id\":\"https:\\\/\\\/isen.es\\\/#organization\"},\"potentialAction\":[{\"@type\":\"SearchAction\",\"target\":{\"@type\":\"EntryPoint\",\"urlTemplate\":\"https:\\\/\\\/isen.es\\\/?s={search_term_string}\"},\"query-input\":{\"@type\":\"PropertyValueSpecification\",\"valueRequired\":true,\"valueName\":\"search_term_string\"}}],\"inLanguage\":\"en-GB\"},{\"@type\":\"Organization\",\"@id\":\"https:\\\/\\\/isen.es\\\/#organization\",\"name\":\"ISEN Centro Universitario\",\"url\":\"https:\\\/\\\/isen.es\\\/\",\"logo\":{\"@type\":\"ImageObject\",\"inLanguage\":\"en-GB\",\"@id\":\"https:\\\/\\\/isen.es\\\/#\\\/schema\\\/logo\\\/image\\\/\",\"url\":\"https:\\\/\\\/isen.es\\\/wp-content\\\/uploads\\\/2021\\\/05\\\/favicon-isen.png\",\"contentUrl\":\"https:\\\/\\\/isen.es\\\/wp-content\\\/uploads\\\/2021\\\/05\\\/favicon-isen.png\",\"width\":512,\"height\":512,\"caption\":\"ISEN Centro Universitario\"},\"image\":{\"@id\":\"https:\\\/\\\/isen.es\\\/#\\\/schema\\\/logo\\\/image\\\/\"}},{\"@type\":\"Person\",\"@id\":\"https:\\\/\\\/isen.es\\\/#\\\/schema\\\/person\\\/d26514dee8a62be1f8d61814731146ba\",\"name\":\"acorchs@isen.es\",\"image\":{\"@type\":\"ImageObject\",\"inLanguage\":\"en-GB\",\"@id\":\"https:\\\/\\\/secure.gravatar.com\\\/avatar\\\/7af95c6b53336a58f90391ad22e3b8aa3a7cfbd7701f6ee5ee94389d47280e47?s=96&d=mm&r=g\",\"url\":\"https:\\\/\\\/secure.gravatar.com\\\/avatar\\\/7af95c6b53336a58f90391ad22e3b8aa3a7cfbd7701f6ee5ee94389d47280e47?s=96&d=mm&r=g\",\"contentUrl\":\"https:\\\/\\\/secure.gravatar.com\\\/avatar\\\/7af95c6b53336a58f90391ad22e3b8aa3a7cfbd7701f6ee5ee94389d47280e47?s=96&d=mm&r=g\",\"caption\":\"acorchs@isen.es\"},\"url\":\"https:\\\/\\\/isen.es\\\/en\\\/author\\\/acorchsisen-es\\\/\"}]}<\/script>\n<!-- \/ Yoast SEO plugin. -->","yoast_head_json":{"title":"Acto de Graduaci\u00f3n ISEN 2022","description":"El acto de Graduaci\u00f3n ISEN 2022 tuvo lugar el pasado jueves, en el que se realiz\u00f3 la imposici\u00f3n de becas a promociones de tres Grados.","robots":{"index":"index","follow":"follow","max-snippet":"max-snippet:-1","max-image-preview":"max-image-preview:large","max-video-preview":"max-video-preview:-1"},"canonical":"https:\/\/isen.es\/en\/graduacion-isen-2022\/","og_locale":"en_GB","og_type":"article","og_title":"Carpinter\u00eda de ribera: oficio, patrimonio e identidad mar\u00edtima","og_description":"El acto de Graduaci\u00f3n ISEN 2022 tuvo lugar el pasado jueves, en el que se realiz\u00f3 la imposici\u00f3n de becas a promociones de tres Grados.","og_url":"https:\/\/isen.es\/en\/graduacion-isen-2022\/","og_site_name":"ISEN Centro Universitario","article_published_time":"2022-07-06T12:15:34+00:00","article_modified_time":"2022-07-08T08:05:59+00:00","og_image":[{"width":1024,"height":768,"url":"https:\/\/isen.es\/wp-content\/uploads\/2022\/06\/WhatsApp-Image-2022-06-03-at-1.08.55-PM.jpeg","type":"image\/jpeg"}],"author":"acorchs@isen.es","twitter_card":"summary_large_image","twitter_title":"Carpinter\u00eda de ribera: oficio, patrimonio e identidad mar\u00edtima","twitter_image":"https:\/\/isen.es\/wp-content\/uploads\/2022\/06\/WhatsApp-Image-2022-06-03-at-1.08.55-PM.jpeg","twitter_misc":{"Written by":"acorchs@isen.es","Estimated reading time":"2 minutes"},"schema":{"@context":"https:\/\/schema.org","@graph":[{"@type":"Article","@id":"https:\/\/isen.es\/graduacion-isen-2022\/#article","isPartOf":{"@id":"https:\/\/isen.es\/graduacion-isen-2022\/"},"author":{"name":"acorchs@isen.es","@id":"https:\/\/isen.es\/#\/schema\/person\/d26514dee8a62be1f8d61814731146ba"},"headline":"ACTO DE GRADUACI\u00d3N ISEN 2022","datePublished":"2022-07-06T12:15:34+00:00","dateModified":"2022-07-08T08:05:59+00:00","mainEntityOfPage":{"@id":"https:\/\/isen.es\/graduacion-isen-2022\/"},"wordCount":395,"commentCount":0,"publisher":{"@id":"https:\/\/isen.es\/#organization"},"image":{"@id":"https:\/\/isen.es\/graduacion-isen-2022\/#primaryimage"},"thumbnailUrl":"https:\/\/isen.es\/wp-content\/uploads\/2022\/07\/REP5788.jpg","keywords":["Graduaci\u00f3n2022"],"articleSection":["ISEN NOTICIAS"],"inLanguage":"en-GB","potentialAction":[{"@type":"CommentAction","name":"Comment","target":["https:\/\/isen.es\/graduacion-isen-2022\/#respond"]}]},{"@type":"WebPage","@id":"https:\/\/isen.es\/graduacion-isen-2022\/","url":"https:\/\/isen.es\/graduacion-isen-2022\/","name":"Acto de Graduaci\u00f3n ISEN 2022","isPartOf":{"@id":"https:\/\/isen.es\/#website"},"primaryImageOfPage":{"@id":"https:\/\/isen.es\/graduacion-isen-2022\/#primaryimage"},"image":{"@id":"https:\/\/isen.es\/graduacion-isen-2022\/#primaryimage"},"thumbnailUrl":"https:\/\/isen.es\/wp-content\/uploads\/2022\/07\/REP5788.jpg","datePublished":"2022-07-06T12:15:34+00:00","dateModified":"2022-07-08T08:05:59+00:00","description":"El acto de Graduaci\u00f3n ISEN 2022 tuvo lugar el pasado jueves, en el que se realiz\u00f3 la imposici\u00f3n de becas a promociones de tres Grados.","breadcrumb":{"@id":"https:\/\/isen.es\/graduacion-isen-2022\/#breadcrumb"},"inLanguage":"en-GB","potentialAction":[{"@type":"ReadAction","target":["https:\/\/isen.es\/graduacion-isen-2022\/"]}]},{"@type":"ImageObject","inLanguage":"en-GB","@id":"https:\/\/isen.es\/graduacion-isen-2022\/#primaryimage","url":"https:\/\/isen.es\/wp-content\/uploads\/2022\/07\/REP5788.jpg","contentUrl":"https:\/\/isen.es\/wp-content\/uploads\/2022\/07\/REP5788.jpg","width":2500,"height":1667},{"@type":"BreadcrumbList","@id":"https:\/\/isen.es\/graduacion-isen-2022\/#breadcrumb","itemListElement":[{"@type":"ListItem","position":1,"name":"Portada","item":"https:\/\/isen.es\/"},{"@type":"ListItem","position":2,"name":"ACTO DE GRADUACI\u00d3N ISEN 2022"}]},{"@type":"WebSite","@id":"https:\/\/isen.es\/#website","url":"https:\/\/isen.es\/","name":"ISEN Centro Universitario","description":"Facultad Adscrita a la Universidad de Murcia","publisher":{"@id":"https:\/\/isen.es\/#organization"},"potentialAction":[{"@type":"SearchAction","target":{"@type":"EntryPoint","urlTemplate":"https:\/\/isen.es\/?s={search_term_string}"},"query-input":{"@type":"PropertyValueSpecification","valueRequired":true,"valueName":"search_term_string"}}],"inLanguage":"en-GB"},{"@type":"Organization","@id":"https:\/\/isen.es\/#organization","name":"ISEN Centro Universitario","url":"https:\/\/isen.es\/","logo":{"@type":"ImageObject","inLanguage":"en-GB","@id":"https:\/\/isen.es\/#\/schema\/logo\/image\/","url":"https:\/\/isen.es\/wp-content\/uploads\/2021\/05\/favicon-isen.png","contentUrl":"https:\/\/isen.es\/wp-content\/uploads\/2021\/05\/favicon-isen.png","width":512,"height":512,"caption":"ISEN Centro Universitario"},"image":{"@id":"https:\/\/isen.es\/#\/schema\/logo\/image\/"}},{"@type":"Person","@id":"https:\/\/isen.es\/#\/schema\/person\/d26514dee8a62be1f8d61814731146ba","name":"acorchs@isen.es","image":{"@type":"ImageObject","inLanguage":"en-GB","@id":"https:\/\/secure.gravatar.com\/avatar\/7af95c6b53336a58f90391ad22e3b8aa3a7cfbd7701f6ee5ee94389d47280e47?s=96&d=mm&r=g","url":"https:\/\/secure.gravatar.com\/avatar\/7af95c6b53336a58f90391ad22e3b8aa3a7cfbd7701f6ee5ee94389d47280e47?s=96&d=mm&r=g","contentUrl":"https:\/\/secure.gravatar.com\/avatar\/7af95c6b53336a58f90391ad22e3b8aa3a7cfbd7701f6ee5ee94389d47280e47?s=96&d=mm&r=g","caption":"acorchs@isen.es"},"url":"https:\/\/isen.es\/en\/author\/acorchsisen-es\/"}]}},"_links":{"self":[{"href":"https:\/\/isen.es\/en\/wp-json\/wp\/v2\/posts\/3959","targetHints":{"allow":["GET"]}}],"collection":[{"href":"https:\/\/isen.es\/en\/wp-json\/wp\/v2\/posts"}],"about":[{"href":"https:\/\/isen.es\/en\/wp-json\/wp\/v2\/types\/post"}],"author":[{"embeddable":true,"href":"https:\/\/isen.es\/en\/wp-json\/wp\/v2\/users\/11"}],"replies":[{"embeddable":true,"href":"https:\/\/isen.es\/en\/wp-json\/wp\/v2\/comments?post=3959"}],"version-history":[{"count":5,"href":"https:\/\/isen.es\/en\/wp-json\/wp\/v2\/posts\/3959\/revisions"}],"predecessor-version":[{"id":3985,"href":"https:\/\/isen.es\/en\/wp-json\/wp\/v2\/posts\/3959\/revisions\/3985"}],"wp:featuredmedia":[{"embeddable":true,"href":"https:\/\/isen.es\/en\/wp-json\/wp\/v2\/media\/3964"}],"wp:attachment":[{"href":"https:\/\/isen.es\/en\/wp-json\/wp\/v2\/media?parent=3959"}],"wp:term":[{"taxonomy":"category","embeddable":true,"href":"https:\/\/isen.es\/en\/wp-json\/wp\/v2\/categories?post=3959"},{"taxonomy":"post_tag","embeddable":true,"href":"https:\/\/isen.es\/en\/wp-json\/wp\/v2\/tags?post=3959"}],"curies":[{"name":"wp","href":"https:\/\/api.w.org\/{rel}","templated":true}]}}