{"id":4307,"date":"2023-11-27T16:03:47","date_gmt":"2023-11-27T15:03:47","guid":{"rendered":"https:\/\/isen.es\/?p=4307"},"modified":"2023-11-27T16:03:47","modified_gmt":"2023-11-27T15:03:47","slug":"conferencia-guerra-en-la-franja-de-gaza","status":"publish","type":"post","link":"https:\/\/isen.es\/en\/conferencia-guerra-en-la-franja-de-gaza\/","title":{"rendered":"CONFERENCIA GUERRA EN LA FRANJA DE GAZA"},"content":{"rendered":"<p>El pr\u00f3ximo 30 de noviembre tendremos el honor de contar con la presencia del Almirante D. Jos\u00e9 Mar\u00eda Trevi\u00f1o Ruiz para hablar sobre la guerra en la Franja de Gaza.<\/p>\n<p>El Almirante D. Jos\u00e9 Mar\u00eda Trevi\u00f1o Ruiz, con su amplia experiencia en el \u00e1mbito militar, nos brindar\u00e1 un an\u00e1lisis profundo y objetivo sobre uno de los conflictos m\u00e1s importantes de la actualidad. Ser\u00e1 una oportunidad \u00fanica para enriquecer nuestros conocimientos y reflexionar sobre una realidad que nos afecta a todos.<\/p>\n<p><img loading=\"lazy\" decoding=\"async\" class=\"alignnone size-medium wp-image-4310\" src=\"https:\/\/isen.es\/wp-content\/uploads\/2023\/11\/Copia-de-Post-para-Instagram-Frases-de-Motivacion-recordatorio-acuarela-azul-3-300x300.png\" alt=\"\" width=\"300\" height=\"300\" srcset=\"https:\/\/isen.es\/wp-content\/uploads\/2023\/11\/Copia-de-Post-para-Instagram-Frases-de-Motivacion-recordatorio-acuarela-azul-3-300x300.png 300w, https:\/\/isen.es\/wp-content\/uploads\/2023\/11\/Copia-de-Post-para-Instagram-Frases-de-Motivacion-recordatorio-acuarela-azul-3-1024x1024.png 1024w, https:\/\/isen.es\/wp-content\/uploads\/2023\/11\/Copia-de-Post-para-Instagram-Frases-de-Motivacion-recordatorio-acuarela-azul-3-768x768.png 768w, https:\/\/isen.es\/wp-content\/uploads\/2023\/11\/Copia-de-Post-para-Instagram-Frases-de-Motivacion-recordatorio-acuarela-azul-3-12x12.png 12w, https:\/\/isen.es\/wp-content\/uploads\/2023\/11\/Copia-de-Post-para-Instagram-Frases-de-Motivacion-recordatorio-acuarela-azul-3.png 1080w\" sizes=\"auto, (max-width: 300px) 100vw, 300px\" \/><\/p>","protected":false},"excerpt":{"rendered":"<p>El pr\u00f3ximo 30 de noviembre tendremos el honor de contar con la presencia del Almirante D. Jos\u00e9 Mar\u00eda Trevi\u00f1o Ruiz para hablar sobre la guerra [&hellip;]<\/p>","protected":false},"author":11,"featured_media":0,"comment_status":"open","ping_status":"open","sticky":false,"template":"","format":"standard","meta":{"_acf_changed":false,"inline_featured_image":false,"footnotes":""},"categories":[36],"tags":[],"class_list":["post-4307","post","type-post","status-publish","format-standard","hentry","category-agenda"],"acf":[],"yoast_head":"<!-- This site is optimized with the Yoast SEO plugin v27.4 - https:\/\/yoast.com\/product\/yoast-seo-wordpress\/ -->\n<title>CONFERENCIA GUERRA EN LA FRANJA DE GAZA - ISEN Centro Universitario<\/title>\n<meta name=\"robots\" content=\"index, follow, max-snippet:-1, max-image-preview:large, max-video-preview:-1\" \/>\n<link rel=\"canonical\" href=\"https:\/\/isen.es\/en\/conferencia-guerra-en-la-franja-de-gaza\/\" \/>\n<meta property=\"og:locale\" content=\"en_GB\" \/>\n<meta property=\"og:type\" content=\"article\" \/>\n<meta property=\"og:title\" content=\"CONFERENCIA GUERRA EN LA FRANJA DE GAZA - ISEN Centro Universitario\" \/>\n<meta property=\"og:description\" content=\"El pr\u00f3ximo 30 de noviembre tendremos el honor de contar con la presencia del Almirante D. Jos\u00e9 Mar\u00eda Trevi\u00f1o Ruiz para hablar sobre la guerra [&hellip;]\" \/>\n<meta property=\"og:url\" content=\"https:\/\/isen.es\/en\/conferencia-guerra-en-la-franja-de-gaza\/\" \/>\n<meta property=\"og:site_name\" content=\"ISEN Centro Universitario\" \/>\n<meta property=\"article:published_time\" content=\"2023-11-27T15:03:47+00:00\" \/>\n<meta property=\"og:image\" content=\"https:\/\/isen.es\/wp-content\/uploads\/2023\/11\/Copia-de-Post-para-Instagram-Frases-de-Motivacion-recordatorio-acuarela-azul-3-300x300.png\" \/>\n<meta name=\"author\" content=\"acorchs@isen.es\" \/>\n<meta name=\"twitter:card\" content=\"summary_large_image\" \/>\n<meta name=\"twitter:label1\" content=\"Written by\" \/>\n\t<meta name=\"twitter:data1\" content=\"acorchs@isen.es\" \/>\n<script type=\"application\/ld+json\" class=\"yoast-schema-graph\">{\"@context\":\"https:\\\/\\\/schema.org\",\"@graph\":[{\"@type\":\"Article\",\"@id\":\"https:\\\/\\\/isen.es\\\/conferencia-guerra-en-la-franja-de-gaza\\\/#article\",\"isPartOf\":{\"@id\":\"https:\\\/\\\/isen.es\\\/conferencia-guerra-en-la-franja-de-gaza\\\/\"},\"author\":{\"name\":\"acorchs@isen.es\",\"@id\":\"https:\\\/\\\/isen.es\\\/#\\\/schema\\\/person\\\/d26514dee8a62be1f8d61814731146ba\"},\"headline\":\"CONFERENCIA GUERRA EN LA FRANJA DE GAZA\",\"datePublished\":\"2023-11-27T15:03:47+00:00\",\"mainEntityOfPage\":{\"@id\":\"https:\\\/\\\/isen.es\\\/conferencia-guerra-en-la-franja-de-gaza\\\/\"},\"wordCount\":93,\"commentCount\":0,\"publisher\":{\"@id\":\"https:\\\/\\\/isen.es\\\/#organization\"},\"image\":{\"@id\":\"https:\\\/\\\/isen.es\\\/conferencia-guerra-en-la-franja-de-gaza\\\/#primaryimage\"},\"thumbnailUrl\":\"https:\\\/\\\/isen.es\\\/wp-content\\\/uploads\\\/2023\\\/11\\\/Copia-de-Post-para-Instagram-Frases-de-Motivacion-recordatorio-acuarela-azul-3-300x300.png\",\"articleSection\":[\"Agenda\"],\"inLanguage\":\"en-GB\",\"potentialAction\":[{\"@type\":\"CommentAction\",\"name\":\"Comment\",\"target\":[\"https:\\\/\\\/isen.es\\\/conferencia-guerra-en-la-franja-de-gaza\\\/#respond\"]}]},{\"@type\":\"WebPage\",\"@id\":\"https:\\\/\\\/isen.es\\\/conferencia-guerra-en-la-franja-de-gaza\\\/\",\"url\":\"https:\\\/\\\/isen.es\\\/conferencia-guerra-en-la-franja-de-gaza\\\/\",\"name\":\"CONFERENCIA GUERRA EN LA FRANJA DE GAZA - ISEN Centro Universitario\",\"isPartOf\":{\"@id\":\"https:\\\/\\\/isen.es\\\/#website\"},\"primaryImageOfPage\":{\"@id\":\"https:\\\/\\\/isen.es\\\/conferencia-guerra-en-la-franja-de-gaza\\\/#primaryimage\"},\"image\":{\"@id\":\"https:\\\/\\\/isen.es\\\/conferencia-guerra-en-la-franja-de-gaza\\\/#primaryimage\"},\"thumbnailUrl\":\"https:\\\/\\\/isen.es\\\/wp-content\\\/uploads\\\/2023\\\/11\\\/Copia-de-Post-para-Instagram-Frases-de-Motivacion-recordatorio-acuarela-azul-3-300x300.png\",\"datePublished\":\"2023-11-27T15:03:47+00:00\",\"breadcrumb\":{\"@id\":\"https:\\\/\\\/isen.es\\\/conferencia-guerra-en-la-franja-de-gaza\\\/#breadcrumb\"},\"inLanguage\":\"en-GB\",\"potentialAction\":[{\"@type\":\"ReadAction\",\"target\":[\"https:\\\/\\\/isen.es\\\/conferencia-guerra-en-la-franja-de-gaza\\\/\"]}]},{\"@type\":\"ImageObject\",\"inLanguage\":\"en-GB\",\"@id\":\"https:\\\/\\\/isen.es\\\/conferencia-guerra-en-la-franja-de-gaza\\\/#primaryimage\",\"url\":\"https:\\\/\\\/isen.es\\\/wp-content\\\/uploads\\\/2023\\\/11\\\/Copia-de-Post-para-Instagram-Frases-de-Motivacion-recordatorio-acuarela-azul-3-300x300.png\",\"contentUrl\":\"https:\\\/\\\/isen.es\\\/wp-content\\\/uploads\\\/2023\\\/11\\\/Copia-de-Post-para-Instagram-Frases-de-Motivacion-recordatorio-acuarela-azul-3-300x300.png\"},{\"@type\":\"BreadcrumbList\",\"@id\":\"https:\\\/\\\/isen.es\\\/conferencia-guerra-en-la-franja-de-gaza\\\/#breadcrumb\",\"itemListElement\":[{\"@type\":\"ListItem\",\"position\":1,\"name\":\"Portada\",\"item\":\"https:\\\/\\\/isen.es\\\/\"},{\"@type\":\"ListItem\",\"position\":2,\"name\":\"CONFERENCIA GUERRA EN LA FRANJA DE GAZA\"}]},{\"@type\":\"WebSite\",\"@id\":\"https:\\\/\\\/isen.es\\\/#website\",\"url\":\"https:\\\/\\\/isen.es\\\/\",\"name\":\"ISEN Centro Universitario\",\"description\":\"Facultad Adscrita a la Universidad de Murcia\",\"publisher\":{\"@id\":\"https:\\\/\\\/isen.es\\\/#organization\"},\"potentialAction\":[{\"@type\":\"SearchAction\",\"target\":{\"@type\":\"EntryPoint\",\"urlTemplate\":\"https:\\\/\\\/isen.es\\\/?s={search_term_string}\"},\"query-input\":{\"@type\":\"PropertyValueSpecification\",\"valueRequired\":true,\"valueName\":\"search_term_string\"}}],\"inLanguage\":\"en-GB\"},{\"@type\":\"Organization\",\"@id\":\"https:\\\/\\\/isen.es\\\/#organization\",\"name\":\"ISEN Centro Universitario\",\"url\":\"https:\\\/\\\/isen.es\\\/\",\"logo\":{\"@type\":\"ImageObject\",\"inLanguage\":\"en-GB\",\"@id\":\"https:\\\/\\\/isen.es\\\/#\\\/schema\\\/logo\\\/image\\\/\",\"url\":\"https:\\\/\\\/isen.es\\\/wp-content\\\/uploads\\\/2021\\\/05\\\/favicon-isen.png\",\"contentUrl\":\"https:\\\/\\\/isen.es\\\/wp-content\\\/uploads\\\/2021\\\/05\\\/favicon-isen.png\",\"width\":512,\"height\":512,\"caption\":\"ISEN Centro Universitario\"},\"image\":{\"@id\":\"https:\\\/\\\/isen.es\\\/#\\\/schema\\\/logo\\\/image\\\/\"}},{\"@type\":\"Person\",\"@id\":\"https:\\\/\\\/isen.es\\\/#\\\/schema\\\/person\\\/d26514dee8a62be1f8d61814731146ba\",\"name\":\"acorchs@isen.es\",\"image\":{\"@type\":\"ImageObject\",\"inLanguage\":\"en-GB\",\"@id\":\"https:\\\/\\\/secure.gravatar.com\\\/avatar\\\/7af95c6b53336a58f90391ad22e3b8aa3a7cfbd7701f6ee5ee94389d47280e47?s=96&d=mm&r=g\",\"url\":\"https:\\\/\\\/secure.gravatar.com\\\/avatar\\\/7af95c6b53336a58f90391ad22e3b8aa3a7cfbd7701f6ee5ee94389d47280e47?s=96&d=mm&r=g\",\"contentUrl\":\"https:\\\/\\\/secure.gravatar.com\\\/avatar\\\/7af95c6b53336a58f90391ad22e3b8aa3a7cfbd7701f6ee5ee94389d47280e47?s=96&d=mm&r=g\",\"caption\":\"acorchs@isen.es\"},\"url\":\"https:\\\/\\\/isen.es\\\/en\\\/author\\\/acorchsisen-es\\\/\"}]}<\/script>\n<!-- \/ Yoast SEO plugin. -->","yoast_head_json":{"title":"CONFERENCIA GUERRA EN LA FRANJA DE GAZA - ISEN Centro Universitario","robots":{"index":"index","follow":"follow","max-snippet":"max-snippet:-1","max-image-preview":"max-image-preview:large","max-video-preview":"max-video-preview:-1"},"canonical":"https:\/\/isen.es\/en\/conferencia-guerra-en-la-franja-de-gaza\/","og_locale":"en_GB","og_type":"article","og_title":"CONFERENCIA GUERRA EN LA FRANJA DE GAZA - ISEN Centro Universitario","og_description":"El pr\u00f3ximo 30 de noviembre tendremos el honor de contar con la presencia del Almirante D. Jos\u00e9 Mar\u00eda Trevi\u00f1o Ruiz para hablar sobre la guerra [&hellip;]","og_url":"https:\/\/isen.es\/en\/conferencia-guerra-en-la-franja-de-gaza\/","og_site_name":"ISEN Centro Universitario","article_published_time":"2023-11-27T15:03:47+00:00","og_image":[{"url":"https:\/\/isen.es\/wp-content\/uploads\/2023\/11\/Copia-de-Post-para-Instagram-Frases-de-Motivacion-recordatorio-acuarela-azul-3-300x300.png","type":"","width":"","height":""}],"author":"acorchs@isen.es","twitter_card":"summary_large_image","twitter_misc":{"Written by":"acorchs@isen.es"},"schema":{"@context":"https:\/\/schema.org","@graph":[{"@type":"Article","@id":"https:\/\/isen.es\/conferencia-guerra-en-la-franja-de-gaza\/#article","isPartOf":{"@id":"https:\/\/isen.es\/conferencia-guerra-en-la-franja-de-gaza\/"},"author":{"name":"acorchs@isen.es","@id":"https:\/\/isen.es\/#\/schema\/person\/d26514dee8a62be1f8d61814731146ba"},"headline":"CONFERENCIA GUERRA EN LA FRANJA DE GAZA","datePublished":"2023-11-27T15:03:47+00:00","mainEntityOfPage":{"@id":"https:\/\/isen.es\/conferencia-guerra-en-la-franja-de-gaza\/"},"wordCount":93,"commentCount":0,"publisher":{"@id":"https:\/\/isen.es\/#organization"},"image":{"@id":"https:\/\/isen.es\/conferencia-guerra-en-la-franja-de-gaza\/#primaryimage"},"thumbnailUrl":"https:\/\/isen.es\/wp-content\/uploads\/2023\/11\/Copia-de-Post-para-Instagram-Frases-de-Motivacion-recordatorio-acuarela-azul-3-300x300.png","articleSection":["Agenda"],"inLanguage":"en-GB","potentialAction":[{"@type":"CommentAction","name":"Comment","target":["https:\/\/isen.es\/conferencia-guerra-en-la-franja-de-gaza\/#respond"]}]},{"@type":"WebPage","@id":"https:\/\/isen.es\/conferencia-guerra-en-la-franja-de-gaza\/","url":"https:\/\/isen.es\/conferencia-guerra-en-la-franja-de-gaza\/","name":"CONFERENCIA GUERRA EN LA FRANJA DE GAZA - ISEN Centro Universitario","isPartOf":{"@id":"https:\/\/isen.es\/#website"},"primaryImageOfPage":{"@id":"https:\/\/isen.es\/conferencia-guerra-en-la-franja-de-gaza\/#primaryimage"},"image":{"@id":"https:\/\/isen.es\/conferencia-guerra-en-la-franja-de-gaza\/#primaryimage"},"thumbnailUrl":"https:\/\/isen.es\/wp-content\/uploads\/2023\/11\/Copia-de-Post-para-Instagram-Frases-de-Motivacion-recordatorio-acuarela-azul-3-300x300.png","datePublished":"2023-11-27T15:03:47+00:00","breadcrumb":{"@id":"https:\/\/isen.es\/conferencia-guerra-en-la-franja-de-gaza\/#breadcrumb"},"inLanguage":"en-GB","potentialAction":[{"@type":"ReadAction","target":["https:\/\/isen.es\/conferencia-guerra-en-la-franja-de-gaza\/"]}]},{"@type":"ImageObject","inLanguage":"en-GB","@id":"https:\/\/isen.es\/conferencia-guerra-en-la-franja-de-gaza\/#primaryimage","url":"https:\/\/isen.es\/wp-content\/uploads\/2023\/11\/Copia-de-Post-para-Instagram-Frases-de-Motivacion-recordatorio-acuarela-azul-3-300x300.png","contentUrl":"https:\/\/isen.es\/wp-content\/uploads\/2023\/11\/Copia-de-Post-para-Instagram-Frases-de-Motivacion-recordatorio-acuarela-azul-3-300x300.png"},{"@type":"BreadcrumbList","@id":"https:\/\/isen.es\/conferencia-guerra-en-la-franja-de-gaza\/#breadcrumb","itemListElement":[{"@type":"ListItem","position":1,"name":"Portada","item":"https:\/\/isen.es\/"},{"@type":"ListItem","position":2,"name":"CONFERENCIA GUERRA EN LA FRANJA DE GAZA"}]},{"@type":"WebSite","@id":"https:\/\/isen.es\/#website","url":"https:\/\/isen.es\/","name":"ISEN Centro Universitario","description":"Facultad Adscrita a la Universidad de Murcia","publisher":{"@id":"https:\/\/isen.es\/#organization"},"potentialAction":[{"@type":"SearchAction","target":{"@type":"EntryPoint","urlTemplate":"https:\/\/isen.es\/?s={search_term_string}"},"query-input":{"@type":"PropertyValueSpecification","valueRequired":true,"valueName":"search_term_string"}}],"inLanguage":"en-GB"},{"@type":"Organization","@id":"https:\/\/isen.es\/#organization","name":"ISEN Centro Universitario","url":"https:\/\/isen.es\/","logo":{"@type":"ImageObject","inLanguage":"en-GB","@id":"https:\/\/isen.es\/#\/schema\/logo\/image\/","url":"https:\/\/isen.es\/wp-content\/uploads\/2021\/05\/favicon-isen.png","contentUrl":"https:\/\/isen.es\/wp-content\/uploads\/2021\/05\/favicon-isen.png","width":512,"height":512,"caption":"ISEN Centro Universitario"},"image":{"@id":"https:\/\/isen.es\/#\/schema\/logo\/image\/"}},{"@type":"Person","@id":"https:\/\/isen.es\/#\/schema\/person\/d26514dee8a62be1f8d61814731146ba","name":"acorchs@isen.es","image":{"@type":"ImageObject","inLanguage":"en-GB","@id":"https:\/\/secure.gravatar.com\/avatar\/7af95c6b53336a58f90391ad22e3b8aa3a7cfbd7701f6ee5ee94389d47280e47?s=96&d=mm&r=g","url":"https:\/\/secure.gravatar.com\/avatar\/7af95c6b53336a58f90391ad22e3b8aa3a7cfbd7701f6ee5ee94389d47280e47?s=96&d=mm&r=g","contentUrl":"https:\/\/secure.gravatar.com\/avatar\/7af95c6b53336a58f90391ad22e3b8aa3a7cfbd7701f6ee5ee94389d47280e47?s=96&d=mm&r=g","caption":"acorchs@isen.es"},"url":"https:\/\/isen.es\/en\/author\/acorchsisen-es\/"}]}},"_links":{"self":[{"href":"https:\/\/isen.es\/en\/wp-json\/wp\/v2\/posts\/4307","targetHints":{"allow":["GET"]}}],"collection":[{"href":"https:\/\/isen.es\/en\/wp-json\/wp\/v2\/posts"}],"about":[{"href":"https:\/\/isen.es\/en\/wp-json\/wp\/v2\/types\/post"}],"author":[{"embeddable":true,"href":"https:\/\/isen.es\/en\/wp-json\/wp\/v2\/users\/11"}],"replies":[{"embeddable":true,"href":"https:\/\/isen.es\/en\/wp-json\/wp\/v2\/comments?post=4307"}],"version-history":[{"count":1,"href":"https:\/\/isen.es\/en\/wp-json\/wp\/v2\/posts\/4307\/revisions"}],"predecessor-version":[{"id":4317,"href":"https:\/\/isen.es\/en\/wp-json\/wp\/v2\/posts\/4307\/revisions\/4317"}],"wp:attachment":[{"href":"https:\/\/isen.es\/en\/wp-json\/wp\/v2\/media?parent=4307"}],"wp:term":[{"taxonomy":"category","embeddable":true,"href":"https:\/\/isen.es\/en\/wp-json\/wp\/v2\/categories?post=4307"},{"taxonomy":"post_tag","embeddable":true,"href":"https:\/\/isen.es\/en\/wp-json\/wp\/v2\/tags?post=4307"}],"curies":[{"name":"wp","href":"https:\/\/api.w.org\/{rel}","templated":true}]}}